{"id":7746,"date":"2021-05-20T10:46:23","date_gmt":"2021-05-20T08:46:23","guid":{"rendered":"https:\/\/www.comitenervo.fr\/?p=7746"},"modified":"2022-07-05T09:27:17","modified_gmt":"2022-07-05T07:27:17","slug":"travaux-de-la-rocade-2","status":"publish","type":"post","link":"https:\/\/www.comitenervo.fr\/?p=7746","title":{"rendered":"TRAVAUX DE LA ROCADE."},"content":{"rendered":"<p>Les travaux se d\u00e9roulent actuellement aux abords de nos habitations: rue Griffon, all\u00e9e Nervo, Amp\u00e8re, Jordan.<\/p>\n<p>Vraiment impressionnant, la fa\u00e7on avec laquelle les arbres de plus de 15 m\u00e8tres sont manipul\u00e9s, coup\u00e9s et stock\u00e9s.<\/p>\n<p>Enfin, un arr\u00eat\u00e9 de circulation sera mis en place \u00e0 partir du mardi 25 mai 2021, <a href=\"https:\/\/www.comitenervo.fr\/wp-content\/uploads\/2021\/05\/arr\u00e9t\u00e9-circulation.png\"><img loading=\"lazy\" decoding=\"async\" class=\"alignright size-medium wp-image-7747\" src=\"https:\/\/www.comitenervo.fr\/wp-content\/uploads\/2021\/05\/arr\u00e9t\u00e9-circulation-218x300.png\" alt=\"\" width=\"218\" height=\"300\" srcset=\"https:\/\/www.comitenervo.fr\/wp-content\/uploads\/2021\/05\/arr\u00e9t\u00e9-circulation-218x300.png 218w, https:\/\/www.comitenervo.fr\/wp-content\/uploads\/2021\/05\/arr\u00e9t\u00e9-circulation-744x1024.png 744w, https:\/\/www.comitenervo.fr\/wp-content\/uploads\/2021\/05\/arr\u00e9t\u00e9-circulation-768x1057.png 768w, https:\/\/www.comitenervo.fr\/wp-content\/uploads\/2021\/05\/arr\u00e9t\u00e9-circulation-1116x1536.png 1116w, https:\/\/www.comitenervo.fr\/wp-content\/uploads\/2021\/05\/arr\u00e9t\u00e9-circulation-1488x2048.png 1488w, https:\/\/www.comitenervo.fr\/wp-content\/uploads\/2021\/05\/arr\u00e9t\u00e9-circulation.png 1700w\" sizes=\"auto, (max-width: 218px) 100vw, 218px\" \/><\/a><\/p>\n<div id=\"attachment_7748\" style=\"width: 310px\" class=\"wp-caption alignleft\"><a href=\"https:\/\/www.comitenervo.fr\/wp-content\/uploads\/2021\/05\/P1040952roc-scaled.jpg\"><img loading=\"lazy\" decoding=\"async\" aria-describedby=\"caption-attachment-7748\" class=\"size-medium wp-image-7748\" src=\"https:\/\/www.comitenervo.fr\/wp-content\/uploads\/2021\/05\/P1040952roc-300x225.jpg\" alt=\"\" width=\"300\" height=\"225\" srcset=\"https:\/\/www.comitenervo.fr\/wp-content\/uploads\/2021\/05\/P1040952roc-300x225.jpg 300w, https:\/\/www.comitenervo.fr\/wp-content\/uploads\/2021\/05\/P1040952roc-1024x768.jpg 1024w, https:\/\/www.comitenervo.fr\/wp-content\/uploads\/2021\/05\/P1040952roc-768x576.jpg 768w, https:\/\/www.comitenervo.fr\/wp-content\/uploads\/2021\/05\/P1040952roc-1536x1152.jpg 1536w, https:\/\/www.comitenervo.fr\/wp-content\/uploads\/2021\/05\/P1040952roc-2048x1536.jpg 2048w, https:\/\/www.comitenervo.fr\/wp-content\/uploads\/2021\/05\/P1040952roc-400x300.jpg 400w\" sizes=\"auto, (max-width: 300px) 100vw, 300px\" \/><\/a><p id=\"caption-attachment-7748\" class=\"wp-caption-text\">Travaux sur l&rsquo;ancien parc.<\/p><\/div>\n<p>interdisant la circulation dans la rue Griffon.<\/p>\n<p>&nbsp;<\/p>\n","protected":false},"excerpt":{"rendered":"<p>Les travaux se d\u00e9roulent actuellement aux abords de nos habitations: rue Griffon, all\u00e9e Nervo, Amp\u00e8re, Jordan. Vraiment impressionnant, la fa\u00e7on avec laquelle les arbres de plus de 15 m\u00e8tres sont manipul\u00e9s, coup\u00e9s et stock\u00e9s. Enfin, un arr\u00eat\u00e9 de circulation sera &hellip; <a href=\"https:\/\/www.comitenervo.fr\/?p=7746\">Continuer la lecture <span class=\"meta-nav\">&rarr;<\/span><\/a><\/p>\n","protected":false},"author":2,"featured_media":0,"comment_status":"open","ping_status":"open","sticky":false,"template":"","format":"standard","meta":{"_monsterinsights_skip_tracking":false,"_monsterinsights_sitenote_active":false,"_monsterinsights_sitenote_note":"","_monsterinsights_sitenote_category":0,"ngg_post_thumbnail":0,"footnotes":""},"categories":[6],"tags":[],"class_list":["post-7746","post","type-post","status-publish","format-standard","hentry","category-vie-de-la-cite"],"_links":{"self":[{"href":"https:\/\/www.comitenervo.fr\/index.php?rest_route=\/wp\/v2\/posts\/7746","targetHints":{"allow":["GET"]}}],"collection":[{"href":"https:\/\/www.comitenervo.fr\/index.php?rest_route=\/wp\/v2\/posts"}],"about":[{"href":"https:\/\/www.comitenervo.fr\/index.php?rest_route=\/wp\/v2\/types\/post"}],"author":[{"embeddable":true,"href":"https:\/\/www.comitenervo.fr\/index.php?rest_route=\/wp\/v2\/users\/2"}],"replies":[{"embeddable":true,"href":"https:\/\/www.comitenervo.fr\/index.php?rest_route=%2Fwp%2Fv2%2Fcomments&post=7746"}],"version-history":[{"count":1,"href":"https:\/\/www.comitenervo.fr\/index.php?rest_route=\/wp\/v2\/posts\/7746\/revisions"}],"predecessor-version":[{"id":7749,"href":"https:\/\/www.comitenervo.fr\/index.php?rest_route=\/wp\/v2\/posts\/7746\/revisions\/7749"}],"wp:attachment":[{"href":"https:\/\/www.comitenervo.fr\/index.php?rest_route=%2Fwp%2Fv2%2Fmedia&parent=7746"}],"wp:term":[{"taxonomy":"category","embeddable":true,"href":"https:\/\/www.comitenervo.fr\/index.php?rest_route=%2Fwp%2Fv2%2Fcategories&post=7746"},{"taxonomy":"post_tag","embeddable":true,"href":"https:\/\/www.comitenervo.fr\/index.php?rest_route=%2Fwp%2Fv2%2Ftags&post=7746"}],"curies":[{"name":"wp","href":"https:\/\/api.w.org\/{rel}","templated":true}]}}