{"id":7739,"date":"2021-05-16T11:32:29","date_gmt":"2021-05-16T09:32:29","guid":{"rendered":"https:\/\/www.comitenervo.fr\/?p=7739"},"modified":"2022-07-05T09:27:40","modified_gmt":"2022-07-05T07:27:40","slug":"cest-reparti","status":"publish","type":"post","link":"https:\/\/www.comitenervo.fr\/?p=7739","title":{"rendered":"C&rsquo;EST REPARTI ?"},"content":{"rendered":"<p>Afin de reprendre (tout doucement), certaines activit\u00e9s, les membres de la section \u00ab\u00a0jardinage\u00a0\u00bb se sont&nbsp; remis&nbsp; \u00e0 l&rsquo;ouvrage !!!!!!<\/p>\n<p>Daniel Lefebvre avait enlev\u00e9 les mauvaises herbes, les 2 Daniel ont retourn\u00e9 le terrain, Michel et ses petits enfants ont sem\u00e9 .<\/p>\n<p><em><strong>Enfin c&rsquo;est reparti.<\/strong><\/em><\/p>\n<p style=\"text-align: left;\">Le comit\u00e9 pense que tr\u00e8s rapidement la section cuisine recommencera \u00e9galement ses activit\u00e9s.<\/p>\n<div id=\"attachment_7740\" style=\"width: 160px\" class=\"wp-caption alignleft\"><a href=\"https:\/\/www.comitenervo.fr\/wp-content\/uploads\/2021\/05\/wd-jardin2-scaled.jpg\"><img loading=\"lazy\" decoding=\"async\" aria-describedby=\"caption-attachment-7740\" class=\"size-thumbnail wp-image-7740\" src=\"https:\/\/www.comitenervo.fr\/wp-content\/uploads\/2021\/05\/wd-jardin2-150x150.jpg\" alt=\"\" width=\"150\" height=\"150\"><\/a><p id=\"caption-attachment-7740\" class=\"wp-caption-text\">Daniel en action.<\/p><\/div>\n<div id=\"attachment_7741\" style=\"width: 160px\" class=\"wp-caption alignright\"><a href=\"https:\/\/www.comitenervo.fr\/wp-content\/uploads\/2021\/05\/titi-tine-jardin-scaled.jpg\"><img loading=\"lazy\" decoding=\"async\" aria-describedby=\"caption-attachment-7741\" class=\"size-thumbnail wp-image-7741\" src=\"https:\/\/www.comitenervo.fr\/wp-content\/uploads\/2021\/05\/titi-tine-jardin-150x150.jpg\" alt=\"\" width=\"150\" height=\"150\"><\/a><p id=\"caption-attachment-7741\" class=\"wp-caption-text\">Mathys et Maxine.<\/p><\/div>\n","protected":false},"excerpt":{"rendered":"<p>Afin de reprendre (tout doucement), certaines activit\u00e9s, les membres de la section \u00ab\u00a0jardinage\u00a0\u00bb se sont&nbsp; remis&nbsp; \u00e0 l&rsquo;ouvrage !!!!!! Daniel Lefebvre avait enlev\u00e9 les mauvaises herbes, les 2 Daniel ont retourn\u00e9 le terrain, Michel et ses petits enfants ont sem\u00e9 &hellip; <a href=\"https:\/\/www.comitenervo.fr\/?p=7739\">Continuer la lecture <span class=\"meta-nav\">&rarr;<\/span><\/a><\/p>\n","protected":false},"author":2,"featured_media":0,"comment_status":"open","ping_status":"open","sticky":false,"template":"","format":"standard","meta":{"_monsterinsights_skip_tracking":false,"_monsterinsights_sitenote_active":false,"_monsterinsights_sitenote_note":"","_monsterinsights_sitenote_category":0,"ngg_post_thumbnail":0,"footnotes":""},"categories":[9,10,6],"tags":[],"class_list":["post-7739","post","type-post","status-publish","format-standard","hentry","category-evenement","category-portrait","category-vie-de-la-cite"],"_links":{"self":[{"href":"https:\/\/www.comitenervo.fr\/index.php?rest_route=\/wp\/v2\/posts\/7739","targetHints":{"allow":["GET"]}}],"collection":[{"href":"https:\/\/www.comitenervo.fr\/index.php?rest_route=\/wp\/v2\/posts"}],"about":[{"href":"https:\/\/www.comitenervo.fr\/index.php?rest_route=\/wp\/v2\/types\/post"}],"author":[{"embeddable":true,"href":"https:\/\/www.comitenervo.fr\/index.php?rest_route=\/wp\/v2\/users\/2"}],"replies":[{"embeddable":true,"href":"https:\/\/www.comitenervo.fr\/index.php?rest_route=%2Fwp%2Fv2%2Fcomments&post=7739"}],"version-history":[{"count":1,"href":"https:\/\/www.comitenervo.fr\/index.php?rest_route=\/wp\/v2\/posts\/7739\/revisions"}],"predecessor-version":[{"id":7742,"href":"https:\/\/www.comitenervo.fr\/index.php?rest_route=\/wp\/v2\/posts\/7739\/revisions\/7742"}],"wp:attachment":[{"href":"https:\/\/www.comitenervo.fr\/index.php?rest_route=%2Fwp%2Fv2%2Fmedia&parent=7739"}],"wp:term":[{"taxonomy":"category","embeddable":true,"href":"https:\/\/www.comitenervo.fr\/index.php?rest_route=%2Fwp%2Fv2%2Fcategories&post=7739"},{"taxonomy":"post_tag","embeddable":true,"href":"https:\/\/www.comitenervo.fr\/index.php?rest_route=%2Fwp%2Fv2%2Ftags&post=7739"}],"curies":[{"name":"wp","href":"https:\/\/api.w.org\/{rel}","templated":true}]}}