{"id":7729,"date":"2021-02-19T14:59:46","date_gmt":"2021-02-19T13:59:46","guid":{"rendered":"https:\/\/www.comitenervo.fr\/?p=7729"},"modified":"2022-07-05T09:27:10","modified_gmt":"2022-07-05T07:27:10","slug":"travaux-de-la-rocade","status":"publish","type":"post","link":"https:\/\/www.comitenervo.fr\/?p=7729","title":{"rendered":"TRAVAUX DE LA ROCADE."},"content":{"rendered":"<p>Les travaux de la rocade ont d\u00e9marr\u00e9 sur l&rsquo;ancien site des hauts fourneaux et au niveau de l&rsquo;ancienne voie ferr\u00e9e.<\/p>\n<p>On peut d\u00e9j\u00e0 imaginer l&#8217;emplacement du rond-point et de la liaison zone des pierres blanches-vers la zone des soufflantes, en contrebas de la rue Marcel&nbsp; Griffon,&nbsp;<\/p>\n<p>Sans revenir sur la n\u00e9cessit\u00e9 de ces travaux qui g\u00e9n\u00e9reront des emplois, on peut simplement souhaiter que les habitants du quartier ne souffriront pas trop des nuisances engendr\u00e9es par la circulation des poids lourds.<\/p>\n<div id=\"attachment_7734\" style=\"width: 160px\" class=\"wp-caption alignright\"><a href=\"https:\/\/www.comitenervo.fr\/wp-content\/uploads\/2021\/02\/rocade3rondpoint-scaled.jpg\"><img loading=\"lazy\" decoding=\"async\" aria-describedby=\"caption-attachment-7734\" class=\"size-thumbnail wp-image-7734\" src=\"https:\/\/www.comitenervo.fr\/wp-content\/uploads\/2021\/02\/rocade3rondpoint-150x150.jpg\" alt=\"\" width=\"150\" height=\"150\"><\/a><p id=\"caption-attachment-7734\" class=\"wp-caption-text\">L&#8217;emplacement du rond-point.<\/p><\/div>\n<div id=\"attachment_7733\" style=\"width: 160px\" class=\"wp-caption alignleft\"><a href=\"https:\/\/www.comitenervo.fr\/wp-content\/uploads\/2021\/02\/rocade4bernard-scaled.jpg\"><img loading=\"lazy\" decoding=\"async\" aria-describedby=\"caption-attachment-7733\" class=\"size-thumbnail wp-image-7733\" src=\"https:\/\/www.comitenervo.fr\/wp-content\/uploads\/2021\/02\/rocade4bernard-150x150.jpg\" alt=\"\" width=\"150\" height=\"150\"><\/a><p id=\"caption-attachment-7733\" class=\"wp-caption-text\">Au fond, la cit\u00e9 Bernard, \u00e0 droite l&#8217;emplacement du rond-point.<\/p><\/div>\n<div id=\"attachment_7735\" style=\"width: 160px\" class=\"wp-caption alignright\"><a href=\"https:\/\/www.comitenervo.fr\/wp-content\/uploads\/2021\/02\/rocade-basket-scaled.jpg\"><img loading=\"lazy\" decoding=\"async\" aria-describedby=\"caption-attachment-7735\" class=\"size-thumbnail wp-image-7735\" src=\"https:\/\/www.comitenervo.fr\/wp-content\/uploads\/2021\/02\/rocade-basket-150x150.jpg\" alt=\"\" width=\"150\" height=\"150\"><\/a><p id=\"caption-attachment-7735\" class=\"wp-caption-text\">Le parc actuel sera supprim\u00e9 .Un city stade et des jardins ouvriers cr\u00e9es \u00e0 l&rsquo;endroit de la partie herbag\u00e9e actuelle<\/p><\/div>\n","protected":false},"excerpt":{"rendered":"<p>Les travaux de la rocade ont d\u00e9marr\u00e9 sur l&rsquo;ancien site des hauts fourneaux et au niveau de l&rsquo;ancienne voie ferr\u00e9e. On peut d\u00e9j\u00e0 imaginer l&#8217;emplacement du rond-point et de la liaison zone des pierres blanches-vers la zone des soufflantes, en &hellip; <a href=\"https:\/\/www.comitenervo.fr\/?p=7729\">Continuer la lecture <span class=\"meta-nav\">&rarr;<\/span><\/a><\/p>\n","protected":false},"author":2,"featured_media":0,"comment_status":"open","ping_status":"open","sticky":false,"template":"","format":"standard","meta":{"_monsterinsights_skip_tracking":false,"_monsterinsights_sitenote_active":false,"_monsterinsights_sitenote_note":"","_monsterinsights_sitenote_category":0,"ngg_post_thumbnail":0,"footnotes":""},"categories":[6],"tags":[],"class_list":["post-7729","post","type-post","status-publish","format-standard","hentry","category-vie-de-la-cite"],"_links":{"self":[{"href":"https:\/\/www.comitenervo.fr\/index.php?rest_route=\/wp\/v2\/posts\/7729","targetHints":{"allow":["GET"]}}],"collection":[{"href":"https:\/\/www.comitenervo.fr\/index.php?rest_route=\/wp\/v2\/posts"}],"about":[{"href":"https:\/\/www.comitenervo.fr\/index.php?rest_route=\/wp\/v2\/types\/post"}],"author":[{"embeddable":true,"href":"https:\/\/www.comitenervo.fr\/index.php?rest_route=\/wp\/v2\/users\/2"}],"replies":[{"embeddable":true,"href":"https:\/\/www.comitenervo.fr\/index.php?rest_route=%2Fwp%2Fv2%2Fcomments&post=7729"}],"version-history":[{"count":3,"href":"https:\/\/www.comitenervo.fr\/index.php?rest_route=\/wp\/v2\/posts\/7729\/revisions"}],"predecessor-version":[{"id":7737,"href":"https:\/\/www.comitenervo.fr\/index.php?rest_route=\/wp\/v2\/posts\/7729\/revisions\/7737"}],"wp:attachment":[{"href":"https:\/\/www.comitenervo.fr\/index.php?rest_route=%2Fwp%2Fv2%2Fmedia&parent=7729"}],"wp:term":[{"taxonomy":"category","embeddable":true,"href":"https:\/\/www.comitenervo.fr\/index.php?rest_route=%2Fwp%2Fv2%2Fcategories&post=7729"},{"taxonomy":"post_tag","embeddable":true,"href":"https:\/\/www.comitenervo.fr\/index.php?rest_route=%2Fwp%2Fv2%2Ftags&post=7729"}],"curies":[{"name":"wp","href":"https:\/\/api.w.org\/{rel}","templated":true}]}}