{"id":7716,"date":"2021-01-16T09:07:21","date_gmt":"2021-01-16T08:07:21","guid":{"rendered":"https:\/\/www.comitenervo.fr\/?p=7716"},"modified":"2022-07-05T09:26:19","modified_gmt":"2022-07-05T07:26:19","slug":"reunion-caf","status":"publish","type":"post","link":"https:\/\/www.comitenervo.fr\/?p=7716","title":{"rendered":"REUNION \u00a0\u00bb CAF\u00a0\u00bb."},"content":{"rendered":"<p>Suite aux&nbsp; &nbsp;nouvelles dispositions relatives aux subventions CAF, une r\u00e9union a \u00e9t\u00e9 organis\u00e9e ce vendredi 15 janvier, en pr\u00e9sence de Mme Chemam de la CAF, Mme Mercier, Mrs Gernez, Mpungwe, pour la municipalit\u00e9 et Fontaine, Wuilbeaux, Zaich du comit\u00e9 Nervo.&nbsp;<\/p>\n<p>La pr\u00e9paration d&rsquo;un dossier EVS ( espace de vie sociale), l&rsquo;aide d&rsquo;une personne ext\u00e9rieure pour \u00ab\u00a0monter\u00a0\u00bb ce dossier, beaucoup de points ont \u00e9t\u00e9 abord\u00e9s.<\/p>\n<p>On peut remercier Mme Chemam, notre r\u00e9f\u00e9rente CAF pour le secteur, qui s&rsquo;est engag\u00e9e \u00e0 nous aider.<\/p>\n<p>Une nouvelle r\u00e9union est pr\u00e9vue le 25 janvier..<\/p>\n<div id=\"attachment_7719\" style=\"width: 310px\" class=\"wp-caption aligncenter\"><a href=\"https:\/\/www.comitenervo.fr\/wp-content\/uploads\/2021\/01\/P1040891caf21-scaled.jpg\"><img loading=\"lazy\" decoding=\"async\" aria-describedby=\"caption-attachment-7719\" class=\"size-medium wp-image-7719\" src=\"https:\/\/www.comitenervo.fr\/wp-content\/uploads\/2021\/01\/P1040891caf21-300x225.jpg\" alt=\"\" width=\"300\" height=\"225\" srcset=\"https:\/\/www.comitenervo.fr\/wp-content\/uploads\/2021\/01\/P1040891caf21-300x225.jpg 300w, https:\/\/www.comitenervo.fr\/wp-content\/uploads\/2021\/01\/P1040891caf21-1024x768.jpg 1024w, https:\/\/www.comitenervo.fr\/wp-content\/uploads\/2021\/01\/P1040891caf21-768x576.jpg 768w, https:\/\/www.comitenervo.fr\/wp-content\/uploads\/2021\/01\/P1040891caf21-1536x1152.jpg 1536w, https:\/\/www.comitenervo.fr\/wp-content\/uploads\/2021\/01\/P1040891caf21-2048x1536.jpg 2048w, https:\/\/www.comitenervo.fr\/wp-content\/uploads\/2021\/01\/P1040891caf21-400x300.jpg 400w\" sizes=\"auto, (max-width: 300px) 100vw, 300px\" \/><\/a><p id=\"caption-attachment-7719\" class=\"wp-caption-text\">Les participants \u00e0 la r\u00e9union.<\/p><\/div>\n<p>&nbsp;&nbsp;<\/p>\n","protected":false},"excerpt":{"rendered":"<p>Suite aux&nbsp; &nbsp;nouvelles dispositions relatives aux subventions CAF, une r\u00e9union a \u00e9t\u00e9 organis\u00e9e ce vendredi 15 janvier, en pr\u00e9sence de Mme Chemam de la CAF, Mme Mercier, Mrs Gernez, Mpungwe, pour la municipalit\u00e9 et Fontaine, Wuilbeaux, Zaich du comit\u00e9 Nervo.&nbsp; &hellip; <a href=\"https:\/\/www.comitenervo.fr\/?p=7716\">Continuer la lecture <span class=\"meta-nav\">&rarr;<\/span><\/a><\/p>\n","protected":false},"author":2,"featured_media":0,"comment_status":"open","ping_status":"open","sticky":false,"template":"","format":"standard","meta":{"_monsterinsights_skip_tracking":false,"_monsterinsights_sitenote_active":false,"_monsterinsights_sitenote_note":"","_monsterinsights_sitenote_category":0,"ngg_post_thumbnail":0,"footnotes":""},"categories":[12,6],"tags":[],"class_list":["post-7716","post","type-post","status-publish","format-standard","hentry","category-local-de-la-cite","category-vie-de-la-cite"],"_links":{"self":[{"href":"https:\/\/www.comitenervo.fr\/index.php?rest_route=\/wp\/v2\/posts\/7716","targetHints":{"allow":["GET"]}}],"collection":[{"href":"https:\/\/www.comitenervo.fr\/index.php?rest_route=\/wp\/v2\/posts"}],"about":[{"href":"https:\/\/www.comitenervo.fr\/index.php?rest_route=\/wp\/v2\/types\/post"}],"author":[{"embeddable":true,"href":"https:\/\/www.comitenervo.fr\/index.php?rest_route=\/wp\/v2\/users\/2"}],"replies":[{"embeddable":true,"href":"https:\/\/www.comitenervo.fr\/index.php?rest_route=%2Fwp%2Fv2%2Fcomments&post=7716"}],"version-history":[{"count":3,"href":"https:\/\/www.comitenervo.fr\/index.php?rest_route=\/wp\/v2\/posts\/7716\/revisions"}],"predecessor-version":[{"id":7721,"href":"https:\/\/www.comitenervo.fr\/index.php?rest_route=\/wp\/v2\/posts\/7716\/revisions\/7721"}],"wp:attachment":[{"href":"https:\/\/www.comitenervo.fr\/index.php?rest_route=%2Fwp%2Fv2%2Fmedia&parent=7716"}],"wp:term":[{"taxonomy":"category","embeddable":true,"href":"https:\/\/www.comitenervo.fr\/index.php?rest_route=%2Fwp%2Fv2%2Fcategories&post=7716"},{"taxonomy":"post_tag","embeddable":true,"href":"https:\/\/www.comitenervo.fr\/index.php?rest_route=%2Fwp%2Fv2%2Ftags&post=7716"}],"curies":[{"name":"wp","href":"https:\/\/api.w.org\/{rel}","templated":true}]}}