{"id":7705,"date":"2020-11-11T09:55:40","date_gmt":"2020-11-11T08:55:40","guid":{"rendered":"https:\/\/www.comitenervo.fr\/?p=7705"},"modified":"2022-07-05T09:25:44","modified_gmt":"2022-07-05T07:25:44","slug":"deces-de-jacky-de-gres","status":"publish","type":"post","link":"https:\/\/www.comitenervo.fr\/?p=7705","title":{"rendered":"D\u00c8C\u00c8S DE JACKY DE-GR\u00c8S."},"content":{"rendered":"<p>Il va nous manquer \u00e0 la belote notre ami Jacky.<\/p>\n<p>\u00c0 la belote et aussi lors des manifestations organis\u00e9es par le comit\u00e9 (repas, excursions, f\u00eates des a\u00een\u00e9s, f\u00eate des voisins &#8230;..)<\/p>\n<p>Toujours pr\u00e9sent et intarissable pour raconter les \u00e9v\u00e9nements pass\u00e9s dans le secteur, cet entraineur de jeunes au \u00ab\u00a0sporting club lourchois\u00a0\u00bb laissera un grand vide..<\/p>\n<p>&nbsp;<\/p>\n<div id=\"attachment_7706\" style=\"width: 160px\" class=\"wp-caption alignleft\"><a href=\"https:\/\/www.comitenervo.fr\/wp-content\/uploads\/2020\/11\/jacky5seul-scaled.jpg\"><img loading=\"lazy\" decoding=\"async\" aria-describedby=\"caption-attachment-7706\" class=\"size-thumbnail wp-image-7706\" src=\"https:\/\/www.comitenervo.fr\/wp-content\/uploads\/2020\/11\/jacky5seul-150x150.jpg\" alt=\"Jacky lors d'un repas de la belote.\" width=\"150\" height=\"150\"><\/a><p id=\"caption-attachment-7706\" class=\"wp-caption-text\">Lors d&rsquo;un repas de la section belote.<\/p><\/div>\n<div id=\"attachment_7707\" style=\"width: 160px\" class=\"wp-caption alignright\"><a href=\"https:\/\/www.comitenervo.fr\/wp-content\/uploads\/2020\/11\/jacky1modif-rotated.jpg\"><img loading=\"lazy\" decoding=\"async\" aria-describedby=\"caption-attachment-7707\" class=\"size-thumbnail wp-image-7707\" src=\"https:\/\/www.comitenervo.fr\/wp-content\/uploads\/2020\/11\/jacky1modif-150x150.jpg\" alt=\"\" width=\"150\" height=\"150\"><\/a><p id=\"caption-attachment-7707\" class=\"wp-caption-text\">Avec ses amis .<\/p><\/div>\n<p>&nbsp;<\/p>\n","protected":false},"excerpt":{"rendered":"<p>Il va nous manquer \u00e0 la belote notre ami Jacky. \u00c0 la belote et aussi lors des manifestations organis\u00e9es par le comit\u00e9 (repas, excursions, f\u00eates des a\u00een\u00e9s, f\u00eate des voisins &#8230;..) Toujours pr\u00e9sent et intarissable pour raconter les \u00e9v\u00e9nements pass\u00e9s &hellip; <a href=\"https:\/\/www.comitenervo.fr\/?p=7705\">Continuer la lecture <span class=\"meta-nav\">&rarr;<\/span><\/a><\/p>\n","protected":false},"author":2,"featured_media":0,"comment_status":"open","ping_status":"open","sticky":false,"template":"","format":"standard","meta":{"_monsterinsights_skip_tracking":false,"_monsterinsights_sitenote_active":false,"_monsterinsights_sitenote_note":"","_monsterinsights_sitenote_category":0,"ngg_post_thumbnail":0,"footnotes":""},"categories":[10,6],"tags":[],"class_list":["post-7705","post","type-post","status-publish","format-standard","hentry","category-portrait","category-vie-de-la-cite"],"_links":{"self":[{"href":"https:\/\/www.comitenervo.fr\/index.php?rest_route=\/wp\/v2\/posts\/7705","targetHints":{"allow":["GET"]}}],"collection":[{"href":"https:\/\/www.comitenervo.fr\/index.php?rest_route=\/wp\/v2\/posts"}],"about":[{"href":"https:\/\/www.comitenervo.fr\/index.php?rest_route=\/wp\/v2\/types\/post"}],"author":[{"embeddable":true,"href":"https:\/\/www.comitenervo.fr\/index.php?rest_route=\/wp\/v2\/users\/2"}],"replies":[{"embeddable":true,"href":"https:\/\/www.comitenervo.fr\/index.php?rest_route=%2Fwp%2Fv2%2Fcomments&post=7705"}],"version-history":[{"count":1,"href":"https:\/\/www.comitenervo.fr\/index.php?rest_route=\/wp\/v2\/posts\/7705\/revisions"}],"predecessor-version":[{"id":7708,"href":"https:\/\/www.comitenervo.fr\/index.php?rest_route=\/wp\/v2\/posts\/7705\/revisions\/7708"}],"wp:attachment":[{"href":"https:\/\/www.comitenervo.fr\/index.php?rest_route=%2Fwp%2Fv2%2Fmedia&parent=7705"}],"wp:term":[{"taxonomy":"category","embeddable":true,"href":"https:\/\/www.comitenervo.fr\/index.php?rest_route=%2Fwp%2Fv2%2Fcategories&post=7705"},{"taxonomy":"post_tag","embeddable":true,"href":"https:\/\/www.comitenervo.fr\/index.php?rest_route=%2Fwp%2Fv2%2Ftags&post=7705"}],"curies":[{"name":"wp","href":"https:\/\/api.w.org\/{rel}","templated":true}]}}