{"id":7698,"date":"2020-11-02T18:07:28","date_gmt":"2020-11-02T17:07:28","guid":{"rendered":"https:\/\/www.comitenervo.fr\/?p=7698"},"modified":"2022-07-05T09:25:21","modified_gmt":"2022-07-05T07:25:21","slug":"mot-du-president","status":"publish","type":"post","link":"https:\/\/www.comitenervo.fr\/?p=7698","title":{"rendered":"MOT DU PRESIDENT."},"content":{"rendered":"<p>Bonjour \u00e0 toutes et tous.<\/p>\n<p>Une nouvelle fois nous revoici reconfin\u00e9s.<\/p>\n<p>Cette ann\u00e9e a \u00e9t\u00e9 tr\u00e8s difficile pour notre, votre&nbsp; association : aucune manifestation n&rsquo;a pu avoir lieu suite aux d\u00e9cisions administratives prises contre la propagation de ce satan\u00e9 virus.<\/p>\n<p>Aujourd&rsquo;hui, j&rsquo;ai une pens\u00e9e pour nos a\u00een\u00e9s qui attendaient avec impatience l&rsquo;apr\u00e8s-midi r\u00e9cr\u00e9atif avec Salvatore et ses musiciens&#8230;&#8230;&#8230;<\/p>\n<p>Ce n&rsquo;est que partie remise .<\/p>\n<p><strong>APRES LA PLUIE&#8230;VIENT LE BEAU TEMPS.<\/strong><\/p>\n<p>D\u00e9s \u00e0 pr\u00e9sent, les membres du comit\u00e9 r\u00e9fl\u00e9chissent aux futures animations que vous attendez tous&#8230;.. et au No\u00ebl des enfants de d\u00e9cembre.<\/p>\n<p><strong>PRENEZ BIEN SOIN DE VOUS<\/strong> &#8230;.<\/p>\n<p>A tr\u00e8s bient\u00f4t.<\/p>\n<p>Michel Fontaine<\/p>\n","protected":false},"excerpt":{"rendered":"<p>Bonjour \u00e0 toutes et tous. Une nouvelle fois nous revoici reconfin\u00e9s. Cette ann\u00e9e a \u00e9t\u00e9 tr\u00e8s difficile pour notre, votre&nbsp; association : aucune manifestation n&rsquo;a pu avoir lieu suite aux d\u00e9cisions administratives prises contre la propagation de ce satan\u00e9 virus. &hellip; <a href=\"https:\/\/www.comitenervo.fr\/?p=7698\">Continuer la lecture <span class=\"meta-nav\">&rarr;<\/span><\/a><\/p>\n","protected":false},"author":2,"featured_media":0,"comment_status":"open","ping_status":"open","sticky":false,"template":"","format":"standard","meta":{"_monsterinsights_skip_tracking":false,"_monsterinsights_sitenote_active":false,"_monsterinsights_sitenote_note":"","_monsterinsights_sitenote_category":0,"ngg_post_thumbnail":0,"footnotes":""},"categories":[7,9,6,8],"tags":[],"class_list":["post-7698","post","type-post","status-publish","format-standard","hentry","category-anciens-de-la-cite","category-evenement","category-vie-de-la-cite","category-voyage"],"_links":{"self":[{"href":"https:\/\/www.comitenervo.fr\/index.php?rest_route=\/wp\/v2\/posts\/7698","targetHints":{"allow":["GET"]}}],"collection":[{"href":"https:\/\/www.comitenervo.fr\/index.php?rest_route=\/wp\/v2\/posts"}],"about":[{"href":"https:\/\/www.comitenervo.fr\/index.php?rest_route=\/wp\/v2\/types\/post"}],"author":[{"embeddable":true,"href":"https:\/\/www.comitenervo.fr\/index.php?rest_route=\/wp\/v2\/users\/2"}],"replies":[{"embeddable":true,"href":"https:\/\/www.comitenervo.fr\/index.php?rest_route=%2Fwp%2Fv2%2Fcomments&post=7698"}],"version-history":[{"count":1,"href":"https:\/\/www.comitenervo.fr\/index.php?rest_route=\/wp\/v2\/posts\/7698\/revisions"}],"predecessor-version":[{"id":7699,"href":"https:\/\/www.comitenervo.fr\/index.php?rest_route=\/wp\/v2\/posts\/7698\/revisions\/7699"}],"wp:attachment":[{"href":"https:\/\/www.comitenervo.fr\/index.php?rest_route=%2Fwp%2Fv2%2Fmedia&parent=7698"}],"wp:term":[{"taxonomy":"category","embeddable":true,"href":"https:\/\/www.comitenervo.fr\/index.php?rest_route=%2Fwp%2Fv2%2Fcategories&post=7698"},{"taxonomy":"post_tag","embeddable":true,"href":"https:\/\/www.comitenervo.fr\/index.php?rest_route=%2Fwp%2Fv2%2Ftags&post=7698"}],"curies":[{"name":"wp","href":"https:\/\/api.w.org\/{rel}","templated":true}]}}