{"id":7674,"date":"2020-09-11T16:22:54","date_gmt":"2020-09-11T14:22:54","guid":{"rendered":"https:\/\/www.comitenervo.fr\/?p=7674"},"modified":"2022-07-05T09:22:29","modified_gmt":"2022-07-05T07:22:29","slug":"visite-des-elus","status":"publish","type":"post","link":"https:\/\/www.comitenervo.fr\/?p=7674","title":{"rendered":"VISITE DES ELUS."},"content":{"rendered":"<p>Monsieur Saligot, accompagn\u00e9 d&rsquo;\u00e9lus et responsables techniques.,est venu constat\u00e9 le nouveau visage du local associatif Nervo .<\/p>\n<p>Tous ont \u00e9t\u00e9 unanimes pour dire que le r\u00e9sultat est \u00ab\u00a0sup\u00e9rieur\u00a0\u00bb aux attentes !!!!!!<\/p>\n<p>Encore quelques petits d\u00e9tails \u00e0 r\u00e9gler et ce sera parfait.<\/p>\n<div id=\"attachment_7676\" style=\"width: 160px\" class=\"wp-caption alignleft\"><a href=\"https:\/\/www.comitenervo.fr\/wp-content\/uploads\/2020\/09\/P1040869bruno2-scaled.jpg\"><img loading=\"lazy\" decoding=\"async\" aria-describedby=\"caption-attachment-7676\" class=\"size-thumbnail wp-image-7676\" src=\"https:\/\/www.comitenervo.fr\/wp-content\/uploads\/2020\/09\/P1040869bruno2-150x150.jpg\" alt=\"\" width=\"150\" height=\"150\"><\/a><p id=\"caption-attachment-7676\" class=\"wp-caption-text\">Elus et responsables du comit\u00e9.<\/p><\/div>\n<p><a href=\"https:\/\/www.comitenervo.fr\/wp-content\/uploads\/2020\/09\/P1040870bruno1-1-scaled.jpg\"><img loading=\"lazy\" decoding=\"async\" class=\"aligncenter size-thumbnail wp-image-7677\" src=\"https:\/\/www.comitenervo.fr\/wp-content\/uploads\/2020\/09\/P1040870bruno1-1-150x150.jpg\" alt=\"\" width=\"150\" height=\"150\"><\/a><\/p>\n<p>&nbsp;<\/p>\n<div id=\"attachment_7680\" style=\"width: 160px\" class=\"wp-caption alignright\"><a href=\"https:\/\/www.comitenervo.fr\/wp-content\/uploads\/2020\/09\/P1040868bruno3-scaled.jpg\"><img loading=\"lazy\" decoding=\"async\" aria-describedby=\"caption-attachment-7680\" class=\"size-thumbnail wp-image-7680\" src=\"https:\/\/www.comitenervo.fr\/wp-content\/uploads\/2020\/09\/P1040868bruno3-150x150.jpg\" alt=\"\" width=\"150\" height=\"150\"><\/a><p id=\"caption-attachment-7680\" class=\"wp-caption-text\">Mr Prodocimo responsable technique<\/p><\/div>\n","protected":false},"excerpt":{"rendered":"<p>Monsieur Saligot, accompagn\u00e9 d&rsquo;\u00e9lus et responsables techniques.,est venu constat\u00e9 le nouveau visage du local associatif Nervo . Tous ont \u00e9t\u00e9 unanimes pour dire que le r\u00e9sultat est \u00ab\u00a0sup\u00e9rieur\u00a0\u00bb aux attentes !!!!!! Encore quelques petits d\u00e9tails \u00e0 r\u00e9gler et ce sera &hellip; <a href=\"https:\/\/www.comitenervo.fr\/?p=7674\">Continuer la lecture <span class=\"meta-nav\">&rarr;<\/span><\/a><\/p>\n","protected":false},"author":2,"featured_media":0,"comment_status":"open","ping_status":"open","sticky":false,"template":"","format":"standard","meta":{"_monsterinsights_skip_tracking":false,"_monsterinsights_sitenote_active":false,"_monsterinsights_sitenote_note":"","_monsterinsights_sitenote_category":0,"ngg_post_thumbnail":0,"footnotes":""},"categories":[9,12],"tags":[],"class_list":["post-7674","post","type-post","status-publish","format-standard","hentry","category-evenement","category-local-de-la-cite"],"_links":{"self":[{"href":"https:\/\/www.comitenervo.fr\/index.php?rest_route=\/wp\/v2\/posts\/7674","targetHints":{"allow":["GET"]}}],"collection":[{"href":"https:\/\/www.comitenervo.fr\/index.php?rest_route=\/wp\/v2\/posts"}],"about":[{"href":"https:\/\/www.comitenervo.fr\/index.php?rest_route=\/wp\/v2\/types\/post"}],"author":[{"embeddable":true,"href":"https:\/\/www.comitenervo.fr\/index.php?rest_route=\/wp\/v2\/users\/2"}],"replies":[{"embeddable":true,"href":"https:\/\/www.comitenervo.fr\/index.php?rest_route=%2Fwp%2Fv2%2Fcomments&post=7674"}],"version-history":[{"count":1,"href":"https:\/\/www.comitenervo.fr\/index.php?rest_route=\/wp\/v2\/posts\/7674\/revisions"}],"predecessor-version":[{"id":7681,"href":"https:\/\/www.comitenervo.fr\/index.php?rest_route=\/wp\/v2\/posts\/7674\/revisions\/7681"}],"wp:attachment":[{"href":"https:\/\/www.comitenervo.fr\/index.php?rest_route=%2Fwp%2Fv2%2Fmedia&parent=7674"}],"wp:term":[{"taxonomy":"category","embeddable":true,"href":"https:\/\/www.comitenervo.fr\/index.php?rest_route=%2Fwp%2Fv2%2Fcategories&post=7674"},{"taxonomy":"post_tag","embeddable":true,"href":"https:\/\/www.comitenervo.fr\/index.php?rest_route=%2Fwp%2Fv2%2Ftags&post=7674"}],"curies":[{"name":"wp","href":"https:\/\/api.w.org\/{rel}","templated":true}]}}