{"id":7670,"date":"2020-08-16T16:35:01","date_gmt":"2020-08-16T14:35:01","guid":{"rendered":"https:\/\/www.comitenervo.fr\/?p=7670"},"modified":"2022-07-05T09:22:13","modified_gmt":"2022-07-05T07:22:13","slug":"excursion-a-bray-dunes-annulee","status":"publish","type":"post","link":"https:\/\/www.comitenervo.fr\/?p=7670","title":{"rendered":"EXCURSION A BRAY-DUNES: ANNUL\u00c9E."},"content":{"rendered":"<p>Malheureusement, l&rsquo;excursion programm\u00e9e le dimanche 23 Ao\u00fbt 2020 \u00e0 Bray-Dunes est annul\u00e9e.<\/p>\n<p>Pas&nbsp; beaucoup d&rsquo;inscrits ( moins de 10), des consignes dans le bus et \u00e0 Bray-Dunes strictes concernant le port du masque ont fait que le \u00ab\u00a0voyage \u00e0 la mer\u00a0\u00bb traditionnel a d\u00fb \u00eatre annul\u00e9.<\/p>\n<p>Il faut esp\u00e9rer que les conditions vont s\u2019am\u00e9liorer et que les manifestations pr\u00e9vues en fin d&rsquo;ann\u00e9e par le comit\u00e9 pourront se d\u00e9rouler normalement.&nbsp; &nbsp;<\/p>\n","protected":false},"excerpt":{"rendered":"<p>Malheureusement, l&rsquo;excursion programm\u00e9e le dimanche 23 Ao\u00fbt 2020 \u00e0 Bray-Dunes est annul\u00e9e. Pas&nbsp; beaucoup d&rsquo;inscrits ( moins de 10), des consignes dans le bus et \u00e0 Bray-Dunes strictes concernant le port du masque ont fait que le \u00ab\u00a0voyage \u00e0 la &hellip; <a href=\"https:\/\/www.comitenervo.fr\/?p=7670\">Continuer la lecture <span class=\"meta-nav\">&rarr;<\/span><\/a><\/p>\n","protected":false},"author":2,"featured_media":0,"comment_status":"open","ping_status":"open","sticky":false,"template":"","format":"standard","meta":{"_monsterinsights_skip_tracking":false,"_monsterinsights_sitenote_active":false,"_monsterinsights_sitenote_note":"","_monsterinsights_sitenote_category":0,"ngg_post_thumbnail":0,"footnotes":""},"categories":[9,8],"tags":[],"class_list":["post-7670","post","type-post","status-publish","format-standard","hentry","category-evenement","category-voyage"],"_links":{"self":[{"href":"https:\/\/www.comitenervo.fr\/index.php?rest_route=\/wp\/v2\/posts\/7670","targetHints":{"allow":["GET"]}}],"collection":[{"href":"https:\/\/www.comitenervo.fr\/index.php?rest_route=\/wp\/v2\/posts"}],"about":[{"href":"https:\/\/www.comitenervo.fr\/index.php?rest_route=\/wp\/v2\/types\/post"}],"author":[{"embeddable":true,"href":"https:\/\/www.comitenervo.fr\/index.php?rest_route=\/wp\/v2\/users\/2"}],"replies":[{"embeddable":true,"href":"https:\/\/www.comitenervo.fr\/index.php?rest_route=%2Fwp%2Fv2%2Fcomments&post=7670"}],"version-history":[{"count":2,"href":"https:\/\/www.comitenervo.fr\/index.php?rest_route=\/wp\/v2\/posts\/7670\/revisions"}],"predecessor-version":[{"id":7672,"href":"https:\/\/www.comitenervo.fr\/index.php?rest_route=\/wp\/v2\/posts\/7670\/revisions\/7672"}],"wp:attachment":[{"href":"https:\/\/www.comitenervo.fr\/index.php?rest_route=%2Fwp%2Fv2%2Fmedia&parent=7670"}],"wp:term":[{"taxonomy":"category","embeddable":true,"href":"https:\/\/www.comitenervo.fr\/index.php?rest_route=%2Fwp%2Fv2%2Fcategories&post=7670"},{"taxonomy":"post_tag","embeddable":true,"href":"https:\/\/www.comitenervo.fr\/index.php?rest_route=%2Fwp%2Fv2%2Ftags&post=7670"}],"curies":[{"name":"wp","href":"https:\/\/api.w.org\/{rel}","templated":true}]}}