{"id":7661,"date":"2020-07-30T22:00:25","date_gmt":"2020-07-30T20:00:25","guid":{"rendered":"https:\/\/www.comitenervo.fr\/?p=7661"},"modified":"2022-07-05T09:22:08","modified_gmt":"2022-07-05T07:22:08","slug":"nouvelles-du-comite","status":"publish","type":"post","link":"https:\/\/www.comitenervo.fr\/?p=7661","title":{"rendered":"NOUVELLES DU COMIT\u00c9."},"content":{"rendered":"<p>Lors de la derni\u00e8re r\u00e9union du comit\u00e9, il a \u00e9t\u00e9 d\u00e9cid\u00e9 de suspendre jusqu&rsquo;\u00e0 septembre les activit\u00e9s des sections informatique, d\u00e9corations florales et accueil enfants.<\/p>\n<p>En esp\u00e9rant une \u00e9volution positive du covid.<\/p>\n<p>Les excursions pr\u00e9vues sont pour l&rsquo;instant difficiles \u00e0 organiser: masque obligatoire dans le bus, destinations \u00e0 red\u00e9finir&#8230;&#8230;.<\/p>\n<p>La f\u00eate des a\u00een\u00e9s et le bal country, d\u00e9pendent \u00e9galement de l&rsquo;\u00e9volution du covid 19.<\/p>\n<p>Enfin, \u00e9tant donn\u00e9 l&rsquo;ann\u00e9e blanche 2020, la carte d&rsquo;adh\u00e9rent et celle des bienfaiteurs sont reconduites \u00ab\u00a0gratuitement\u00a0\u00bb pour l&rsquo;ann\u00e9e 2021.&nbsp;&nbsp;<\/p>\n","protected":false},"excerpt":{"rendered":"<p>Lors de la derni\u00e8re r\u00e9union du comit\u00e9, il a \u00e9t\u00e9 d\u00e9cid\u00e9 de suspendre jusqu&rsquo;\u00e0 septembre les activit\u00e9s des sections informatique, d\u00e9corations florales et accueil enfants. En esp\u00e9rant une \u00e9volution positive du covid. Les excursions pr\u00e9vues sont pour l&rsquo;instant difficiles \u00e0 &hellip; <a href=\"https:\/\/www.comitenervo.fr\/?p=7661\">Continuer la lecture <span class=\"meta-nav\">&rarr;<\/span><\/a><\/p>\n","protected":false},"author":2,"featured_media":0,"comment_status":"open","ping_status":"open","sticky":false,"template":"","format":"standard","meta":{"_monsterinsights_skip_tracking":false,"_monsterinsights_sitenote_active":false,"_monsterinsights_sitenote_note":"","_monsterinsights_sitenote_category":0,"ngg_post_thumbnail":0,"footnotes":""},"categories":[9,6],"tags":[],"class_list":["post-7661","post","type-post","status-publish","format-standard","hentry","category-evenement","category-vie-de-la-cite"],"_links":{"self":[{"href":"https:\/\/www.comitenervo.fr\/index.php?rest_route=\/wp\/v2\/posts\/7661","targetHints":{"allow":["GET"]}}],"collection":[{"href":"https:\/\/www.comitenervo.fr\/index.php?rest_route=\/wp\/v2\/posts"}],"about":[{"href":"https:\/\/www.comitenervo.fr\/index.php?rest_route=\/wp\/v2\/types\/post"}],"author":[{"embeddable":true,"href":"https:\/\/www.comitenervo.fr\/index.php?rest_route=\/wp\/v2\/users\/2"}],"replies":[{"embeddable":true,"href":"https:\/\/www.comitenervo.fr\/index.php?rest_route=%2Fwp%2Fv2%2Fcomments&post=7661"}],"version-history":[{"count":1,"href":"https:\/\/www.comitenervo.fr\/index.php?rest_route=\/wp\/v2\/posts\/7661\/revisions"}],"predecessor-version":[{"id":7662,"href":"https:\/\/www.comitenervo.fr\/index.php?rest_route=\/wp\/v2\/posts\/7661\/revisions\/7662"}],"wp:attachment":[{"href":"https:\/\/www.comitenervo.fr\/index.php?rest_route=%2Fwp%2Fv2%2Fmedia&parent=7661"}],"wp:term":[{"taxonomy":"category","embeddable":true,"href":"https:\/\/www.comitenervo.fr\/index.php?rest_route=%2Fwp%2Fv2%2Fcategories&post=7661"},{"taxonomy":"post_tag","embeddable":true,"href":"https:\/\/www.comitenervo.fr\/index.php?rest_route=%2Fwp%2Fv2%2Ftags&post=7661"}],"curies":[{"name":"wp","href":"https:\/\/api.w.org\/{rel}","templated":true}]}}