{"id":7657,"date":"2020-07-30T21:48:26","date_gmt":"2020-07-30T19:48:26","guid":{"rendered":"https:\/\/www.comitenervo.fr\/?p=7657"},"modified":"2022-07-05T09:21:41","modified_gmt":"2022-07-05T07:21:41","slug":"comme-avant-enfin-presque","status":"publish","type":"post","link":"https:\/\/www.comitenervo.fr\/?p=7657","title":{"rendered":"COMME AVANT&#8230;&#8230; ENFIN PRESQUE."},"content":{"rendered":"<p>La section belote et l&rsquo;atelier cuisine ont repris leurs activit\u00e9s.<\/p>\n<p>Pas comme avant, mais les adh\u00e9rents peuvent \u00e0 nouveau de r\u00e9unir en respectant scrupuleusement les r\u00e8gles gouvernementales.<\/p>\n<p>Daniel Lefebvre , notre jardinier, a lui aussi repris ses activit\u00e9s: haricots, salades etc commencent \u00e0 pousser.<\/p>\n<p>Toutes et tous esp\u00e8rent un retour \u00ab\u00a0comme avant\u00a0\u00bb assez rapidement.<\/p>\n<div id=\"attachment_7658\" style=\"width: 310px\" class=\"wp-caption aligncenter\"><a href=\"https:\/\/www.comitenervo.fr\/wp-content\/uploads\/2020\/07\/P1040842belote-scaled.jpg\"><img loading=\"lazy\" decoding=\"async\" aria-describedby=\"caption-attachment-7658\" class=\"size-medium wp-image-7658\" src=\"https:\/\/www.comitenervo.fr\/wp-content\/uploads\/2020\/07\/P1040842belote-300x225.jpg\" alt=\"\" width=\"300\" height=\"225\" srcset=\"https:\/\/www.comitenervo.fr\/wp-content\/uploads\/2020\/07\/P1040842belote-300x225.jpg 300w, https:\/\/www.comitenervo.fr\/wp-content\/uploads\/2020\/07\/P1040842belote-1024x768.jpg 1024w, https:\/\/www.comitenervo.fr\/wp-content\/uploads\/2020\/07\/P1040842belote-768x576.jpg 768w, https:\/\/www.comitenervo.fr\/wp-content\/uploads\/2020\/07\/P1040842belote-1536x1152.jpg 1536w, https:\/\/www.comitenervo.fr\/wp-content\/uploads\/2020\/07\/P1040842belote-2048x1536.jpg 2048w, https:\/\/www.comitenervo.fr\/wp-content\/uploads\/2020\/07\/P1040842belote-400x300.jpg 400w\" sizes=\"auto, (max-width: 300px) 100vw, 300px\" \/><\/a><p id=\"caption-attachment-7658\" class=\"wp-caption-text\">Belote&#8230; s\u00e9par\u00e9e !!!!!!!<\/p><\/div>\n<div id=\"attachment_7667\" style=\"width: 310px\" class=\"wp-caption aligncenter\"><a href=\"https:\/\/www.comitenervo.fr\/wp-content\/uploads\/2020\/07\/P1040830DANIEL-LEFEBVRE-scaled.jpg\"><img loading=\"lazy\" decoding=\"async\" aria-describedby=\"caption-attachment-7667\" class=\"size-medium wp-image-7667\" src=\"https:\/\/www.comitenervo.fr\/wp-content\/uploads\/2020\/07\/P1040830DANIEL-LEFEBVRE-300x225.jpg\" alt=\"\" width=\"300\" height=\"225\" srcset=\"https:\/\/www.comitenervo.fr\/wp-content\/uploads\/2020\/07\/P1040830DANIEL-LEFEBVRE-300x225.jpg 300w, https:\/\/www.comitenervo.fr\/wp-content\/uploads\/2020\/07\/P1040830DANIEL-LEFEBVRE-1024x768.jpg 1024w, https:\/\/www.comitenervo.fr\/wp-content\/uploads\/2020\/07\/P1040830DANIEL-LEFEBVRE-768x576.jpg 768w, https:\/\/www.comitenervo.fr\/wp-content\/uploads\/2020\/07\/P1040830DANIEL-LEFEBVRE-1536x1152.jpg 1536w, https:\/\/www.comitenervo.fr\/wp-content\/uploads\/2020\/07\/P1040830DANIEL-LEFEBVRE-2048x1536.jpg 2048w, https:\/\/www.comitenervo.fr\/wp-content\/uploads\/2020\/07\/P1040830DANIEL-LEFEBVRE-400x300.jpg 400w\" sizes=\"auto, (max-width: 300px) 100vw, 300px\" \/><\/a><p id=\"caption-attachment-7667\" class=\"wp-caption-text\">Daniel en plein travail.<\/p><\/div>\n","protected":false},"excerpt":{"rendered":"<p>La section belote et l&rsquo;atelier cuisine ont repris leurs activit\u00e9s. Pas comme avant, mais les adh\u00e9rents peuvent \u00e0 nouveau de r\u00e9unir en respectant scrupuleusement les r\u00e8gles gouvernementales. Daniel Lefebvre , notre jardinier, a lui aussi repris ses activit\u00e9s: haricots, salades &hellip; <a href=\"https:\/\/www.comitenervo.fr\/?p=7657\">Continuer la lecture <span class=\"meta-nav\">&rarr;<\/span><\/a><\/p>\n","protected":false},"author":2,"featured_media":0,"comment_status":"open","ping_status":"open","sticky":false,"template":"","format":"standard","meta":{"_monsterinsights_skip_tracking":false,"_monsterinsights_sitenote_active":false,"_monsterinsights_sitenote_note":"","_monsterinsights_sitenote_category":0,"ngg_post_thumbnail":0,"footnotes":""},"categories":[9,10,6],"tags":[],"class_list":["post-7657","post","type-post","status-publish","format-standard","hentry","category-evenement","category-portrait","category-vie-de-la-cite"],"_links":{"self":[{"href":"https:\/\/www.comitenervo.fr\/index.php?rest_route=\/wp\/v2\/posts\/7657","targetHints":{"allow":["GET"]}}],"collection":[{"href":"https:\/\/www.comitenervo.fr\/index.php?rest_route=\/wp\/v2\/posts"}],"about":[{"href":"https:\/\/www.comitenervo.fr\/index.php?rest_route=\/wp\/v2\/types\/post"}],"author":[{"embeddable":true,"href":"https:\/\/www.comitenervo.fr\/index.php?rest_route=\/wp\/v2\/users\/2"}],"replies":[{"embeddable":true,"href":"https:\/\/www.comitenervo.fr\/index.php?rest_route=%2Fwp%2Fv2%2Fcomments&post=7657"}],"version-history":[{"count":4,"href":"https:\/\/www.comitenervo.fr\/index.php?rest_route=\/wp\/v2\/posts\/7657\/revisions"}],"predecessor-version":[{"id":7668,"href":"https:\/\/www.comitenervo.fr\/index.php?rest_route=\/wp\/v2\/posts\/7657\/revisions\/7668"}],"wp:attachment":[{"href":"https:\/\/www.comitenervo.fr\/index.php?rest_route=%2Fwp%2Fv2%2Fmedia&parent=7657"}],"wp:term":[{"taxonomy":"category","embeddable":true,"href":"https:\/\/www.comitenervo.fr\/index.php?rest_route=%2Fwp%2Fv2%2Fcategories&post=7657"},{"taxonomy":"post_tag","embeddable":true,"href":"https:\/\/www.comitenervo.fr\/index.php?rest_route=%2Fwp%2Fv2%2Ftags&post=7657"}],"curies":[{"name":"wp","href":"https:\/\/api.w.org\/{rel}","templated":true}]}}