{"id":7652,"date":"2020-06-18T10:15:14","date_gmt":"2020-06-18T08:15:14","guid":{"rendered":"https:\/\/www.comitenervo.fr\/?p=7652"},"modified":"2022-07-05T09:21:16","modified_gmt":"2022-07-05T07:21:16","slug":"local-ca-se-termine","status":"publish","type":"post","link":"https:\/\/www.comitenervo.fr\/?p=7652","title":{"rendered":"LOCAL : CA SE TERMINE."},"content":{"rendered":"<p>Effectivement, apr\u00e8s le macadam ,ce sont les grilles qui ont \u00e9t\u00e9 pos\u00e9es en ce d\u00e9but de semaine.<\/p>\n<p>L&rsquo;entreprise charg\u00e9e de la pose a fourni un travail soign\u00e9 sous le contr\u00f4le de Mr Lecocq des services techniques de la ville.<\/p>\n<p>Un ensemble vraiment tr\u00e8s r\u00e9ussi.<\/p>\n<div id=\"attachment_7653\" style=\"width: 160px\" class=\"wp-caption alignleft\"><a href=\"https:\/\/www.comitenervo.fr\/wp-content\/uploads\/2020\/06\/P1040807grilles-1-scaled.jpg\"><img loading=\"lazy\" decoding=\"async\" aria-describedby=\"caption-attachment-7653\" class=\"size-thumbnail wp-image-7653\" src=\"https:\/\/www.comitenervo.fr\/wp-content\/uploads\/2020\/06\/P1040807grilles-1-150x150.jpg\" alt=\"\" width=\"150\" height=\"150\"><\/a><p id=\"caption-attachment-7653\" class=\"wp-caption-text\">Un ensemble r\u00e9ussi.<\/p><\/div>\n<div id=\"attachment_7654\" style=\"width: 160px\" class=\"wp-caption alignright\"><a href=\"https:\/\/www.comitenervo.fr\/wp-content\/uploads\/2020\/06\/P1040810grilles2-scaled.jpg\"><img loading=\"lazy\" decoding=\"async\" aria-describedby=\"caption-attachment-7654\" class=\"size-thumbnail wp-image-7654\" src=\"https:\/\/www.comitenervo.fr\/wp-content\/uploads\/2020\/06\/P1040810grilles2-150x150.jpg\" alt=\"\" width=\"150\" height=\"150\"><\/a><p id=\"caption-attachment-7654\" class=\"wp-caption-text\">Vu de l&rsquo;ext\u00e9rieur.<\/p><\/div>\n","protected":false},"excerpt":{"rendered":"<p>Effectivement, apr\u00e8s le macadam ,ce sont les grilles qui ont \u00e9t\u00e9 pos\u00e9es en ce d\u00e9but de semaine. L&rsquo;entreprise charg\u00e9e de la pose a fourni un travail soign\u00e9 sous le contr\u00f4le de Mr Lecocq des services techniques de la ville. Un &hellip; <a href=\"https:\/\/www.comitenervo.fr\/?p=7652\">Continuer la lecture <span class=\"meta-nav\">&rarr;<\/span><\/a><\/p>\n","protected":false},"author":2,"featured_media":0,"comment_status":"open","ping_status":"open","sticky":false,"template":"","format":"standard","meta":{"_monsterinsights_skip_tracking":false,"_monsterinsights_sitenote_active":false,"_monsterinsights_sitenote_note":"","_monsterinsights_sitenote_category":0,"ngg_post_thumbnail":0,"footnotes":""},"categories":[12],"tags":[],"class_list":["post-7652","post","type-post","status-publish","format-standard","hentry","category-local-de-la-cite"],"_links":{"self":[{"href":"https:\/\/www.comitenervo.fr\/index.php?rest_route=\/wp\/v2\/posts\/7652","targetHints":{"allow":["GET"]}}],"collection":[{"href":"https:\/\/www.comitenervo.fr\/index.php?rest_route=\/wp\/v2\/posts"}],"about":[{"href":"https:\/\/www.comitenervo.fr\/index.php?rest_route=\/wp\/v2\/types\/post"}],"author":[{"embeddable":true,"href":"https:\/\/www.comitenervo.fr\/index.php?rest_route=\/wp\/v2\/users\/2"}],"replies":[{"embeddable":true,"href":"https:\/\/www.comitenervo.fr\/index.php?rest_route=%2Fwp%2Fv2%2Fcomments&post=7652"}],"version-history":[{"count":1,"href":"https:\/\/www.comitenervo.fr\/index.php?rest_route=\/wp\/v2\/posts\/7652\/revisions"}],"predecessor-version":[{"id":7655,"href":"https:\/\/www.comitenervo.fr\/index.php?rest_route=\/wp\/v2\/posts\/7652\/revisions\/7655"}],"wp:attachment":[{"href":"https:\/\/www.comitenervo.fr\/index.php?rest_route=%2Fwp%2Fv2%2Fmedia&parent=7652"}],"wp:term":[{"taxonomy":"category","embeddable":true,"href":"https:\/\/www.comitenervo.fr\/index.php?rest_route=%2Fwp%2Fv2%2Fcategories&post=7652"},{"taxonomy":"post_tag","embeddable":true,"href":"https:\/\/www.comitenervo.fr\/index.php?rest_route=%2Fwp%2Fv2%2Ftags&post=7652"}],"curies":[{"name":"wp","href":"https:\/\/api.w.org\/{rel}","templated":true}]}}