{"id":7635,"date":"2020-06-05T09:21:16","date_gmt":"2020-06-05T07:21:16","guid":{"rendered":"https:\/\/www.comitenervo.fr\/?p=7635"},"modified":"2022-07-05T09:21:03","modified_gmt":"2022-07-05T07:21:03","slug":"reprise-renaissance","status":"publish","type":"post","link":"https:\/\/www.comitenervo.fr\/?p=7635","title":{"rendered":"REPRISE, RENAISSANCE ?"},"content":{"rendered":"<p>Certes les termes peuvent para\u00eetre \u00ab\u00a0pompeux\u00a0\u00bb, mais apr\u00e8s 2 mois de confinement, des nouvelles sur les chaines d&rsquo;info peu&nbsp; rassurantes, il fallait un signe positif pour reprendre la vie \u00ab\u00a0d&rsquo;avant\u00a0\u00bb.<\/p>\n<p>Ce signe c&rsquo;est le d\u00e9marrage des travaux ext\u00e9rieurs du local (assainissement, macadam, cl\u00f4ture ) qui avaient&nbsp; \u00e9t\u00e9 suspendus d\u00e9but mars.<\/p>\n<p>Des travaux qui devraient se terminer en fin de semaine prochaine.<\/p>\n<p>Heureux&#8230;&#8230;&#8230;&#8230;<\/p>\n<div id=\"attachment_7636\" style=\"width: 160px\" class=\"wp-caption alignleft\"><a href=\"https:\/\/www.comitenervo.fr\/wp-content\/uploads\/2020\/06\/TRAVAUX1-scaled.jpg\"><img loading=\"lazy\" decoding=\"async\" aria-describedby=\"caption-attachment-7636\" class=\"size-thumbnail wp-image-7636\" src=\"https:\/\/www.comitenervo.fr\/wp-content\/uploads\/2020\/06\/TRAVAUX1-150x150.jpg\" alt=\"\" width=\"150\" height=\"150\"><\/a><p id=\"caption-attachment-7636\" class=\"wp-caption-text\">Mercredi 3 \u00e0 7h50.<\/p><\/div>\n<div id=\"attachment_7637\" style=\"width: 160px\" class=\"wp-caption alignright\"><a href=\"https:\/\/www.comitenervo.fr\/wp-content\/uploads\/2020\/06\/TRAVAUX2-scaled.jpg\"><img loading=\"lazy\" decoding=\"async\" aria-describedby=\"caption-attachment-7637\" class=\"size-thumbnail wp-image-7637\" src=\"https:\/\/www.comitenervo.fr\/wp-content\/uploads\/2020\/06\/TRAVAUX2-150x150.jpg\" alt=\"\" width=\"150\" height=\"150\"><\/a><p id=\"caption-attachment-7637\" class=\"wp-caption-text\">La totale !!!!<\/p><\/div>\n","protected":false},"excerpt":{"rendered":"<p>Certes les termes peuvent para\u00eetre \u00ab\u00a0pompeux\u00a0\u00bb, mais apr\u00e8s 2 mois de confinement, des nouvelles sur les chaines d&rsquo;info peu&nbsp; rassurantes, il fallait un signe positif pour reprendre la vie \u00ab\u00a0d&rsquo;avant\u00a0\u00bb. Ce signe c&rsquo;est le d\u00e9marrage des travaux ext\u00e9rieurs du local &hellip; <a href=\"https:\/\/www.comitenervo.fr\/?p=7635\">Continuer la lecture <span class=\"meta-nav\">&rarr;<\/span><\/a><\/p>\n","protected":false},"author":2,"featured_media":0,"comment_status":"open","ping_status":"open","sticky":false,"template":"","format":"standard","meta":{"_monsterinsights_skip_tracking":false,"_monsterinsights_sitenote_active":false,"_monsterinsights_sitenote_note":"","_monsterinsights_sitenote_category":0,"ngg_post_thumbnail":0,"footnotes":""},"categories":[9,6],"tags":[],"class_list":["post-7635","post","type-post","status-publish","format-standard","hentry","category-evenement","category-vie-de-la-cite"],"_links":{"self":[{"href":"https:\/\/www.comitenervo.fr\/index.php?rest_route=\/wp\/v2\/posts\/7635","targetHints":{"allow":["GET"]}}],"collection":[{"href":"https:\/\/www.comitenervo.fr\/index.php?rest_route=\/wp\/v2\/posts"}],"about":[{"href":"https:\/\/www.comitenervo.fr\/index.php?rest_route=\/wp\/v2\/types\/post"}],"author":[{"embeddable":true,"href":"https:\/\/www.comitenervo.fr\/index.php?rest_route=\/wp\/v2\/users\/2"}],"replies":[{"embeddable":true,"href":"https:\/\/www.comitenervo.fr\/index.php?rest_route=%2Fwp%2Fv2%2Fcomments&post=7635"}],"version-history":[{"count":3,"href":"https:\/\/www.comitenervo.fr\/index.php?rest_route=\/wp\/v2\/posts\/7635\/revisions"}],"predecessor-version":[{"id":7640,"href":"https:\/\/www.comitenervo.fr\/index.php?rest_route=\/wp\/v2\/posts\/7635\/revisions\/7640"}],"wp:attachment":[{"href":"https:\/\/www.comitenervo.fr\/index.php?rest_route=%2Fwp%2Fv2%2Fmedia&parent=7635"}],"wp:term":[{"taxonomy":"category","embeddable":true,"href":"https:\/\/www.comitenervo.fr\/index.php?rest_route=%2Fwp%2Fv2%2Fcategories&post=7635"},{"taxonomy":"post_tag","embeddable":true,"href":"https:\/\/www.comitenervo.fr\/index.php?rest_route=%2Fwp%2Fv2%2Ftags&post=7635"}],"curies":[{"name":"wp","href":"https:\/\/api.w.org\/{rel}","templated":true}]}}