{"id":7627,"date":"2020-03-19T09:56:19","date_gmt":"2020-03-19T08:56:19","guid":{"rendered":"https:\/\/www.comitenervo.fr\/?p=7627"},"modified":"2022-07-05T09:20:40","modified_gmt":"2022-07-05T07:20:40","slug":"cetait-bien-parti","status":"publish","type":"post","link":"https:\/\/www.comitenervo.fr\/?p=7627","title":{"rendered":"C\u2019\u00c9TAIT BIEN PARTI !!!!!!"},"content":{"rendered":"<p>En effet, la premi\u00e8re s\u00e9ance de l&rsquo;atelier \u00ab\u00a0d\u00e9corations florales \u00a0\u00bb a rencontr\u00e9 un franc succ\u00e8s aupr\u00e8s des adh\u00e9rentes .<\/p>\n<p>Plus d&rsquo;une dizaine de personnes \u00e9taient pr\u00e9sentes, et ont r\u00e9alis\u00e9 de jolies compositions sous les conseils d&rsquo;Annie.<\/p>\n<p>Nadine Wuilbeaux, la responsable de cet atelier,&nbsp; esp\u00e8re une reprise rapide apr\u00e8s cette p\u00e9riode de confinement.<\/p>\n<div id=\"attachment_7628\" style=\"width: 160px\" class=\"wp-caption alignleft\"><a href=\"https:\/\/www.comitenervo.fr\/wp-content\/uploads\/2020\/03\/P1040767FLEURS-ENSEMBLE-scaled.jpg\"><img loading=\"lazy\" decoding=\"async\" aria-describedby=\"caption-attachment-7628\" class=\"size-thumbnail wp-image-7628\" src=\"https:\/\/www.comitenervo.fr\/wp-content\/uploads\/2020\/03\/P1040767FLEURS-ENSEMBLE-150x150.jpg\" alt=\"\" width=\"150\" height=\"150\"><\/a><p id=\"caption-attachment-7628\" class=\"wp-caption-text\">Du monde.<\/p><\/div>\n<p>&nbsp;<\/p>\n<div id=\"attachment_7629\" style=\"width: 160px\" class=\"wp-caption aligncenter\"><a href=\"https:\/\/www.comitenervo.fr\/wp-content\/uploads\/2020\/03\/P1040765fleurs-pistolet-scaled.jpg\"><img loading=\"lazy\" decoding=\"async\" aria-describedby=\"caption-attachment-7629\" class=\"size-thumbnail wp-image-7629\" src=\"https:\/\/www.comitenervo.fr\/wp-content\/uploads\/2020\/03\/P1040765fleurs-pistolet-150x150.jpg\" alt=\"\" width=\"150\" height=\"150\"><\/a><p id=\"caption-attachment-7629\" class=\"wp-caption-text\">Les reines du pistolet.<\/p><\/div>\n<div id=\"attachment_7630\" style=\"width: 160px\" class=\"wp-caption alignright\"><a href=\"https:\/\/www.comitenervo.fr\/wp-content\/uploads\/2020\/03\/P1040770babyfoot-scaled.jpg\"><img loading=\"lazy\" decoding=\"async\" aria-describedby=\"caption-attachment-7630\" class=\"size-thumbnail wp-image-7630\" src=\"https:\/\/www.comitenervo.fr\/wp-content\/uploads\/2020\/03\/P1040770babyfoot-150x150.jpg\" alt=\"\" width=\"150\" height=\"150\"><\/a><p id=\"caption-attachment-7630\" class=\"wp-caption-text\">C&rsquo;est pas beau !!!!<\/p><\/div>\n","protected":false},"excerpt":{"rendered":"<p>En effet, la premi\u00e8re s\u00e9ance de l&rsquo;atelier \u00ab\u00a0d\u00e9corations florales \u00a0\u00bb a rencontr\u00e9 un franc succ\u00e8s aupr\u00e8s des adh\u00e9rentes . Plus d&rsquo;une dizaine de personnes \u00e9taient pr\u00e9sentes, et ont r\u00e9alis\u00e9 de jolies compositions sous les conseils d&rsquo;Annie. Nadine Wuilbeaux, la responsable &hellip; <a href=\"https:\/\/www.comitenervo.fr\/?p=7627\">Continuer la lecture <span class=\"meta-nav\">&rarr;<\/span><\/a><\/p>\n","protected":false},"author":2,"featured_media":0,"comment_status":"open","ping_status":"open","sticky":false,"template":"","format":"standard","meta":{"_monsterinsights_skip_tracking":false,"_monsterinsights_sitenote_active":false,"_monsterinsights_sitenote_note":"","_monsterinsights_sitenote_category":0,"ngg_post_thumbnail":0,"footnotes":""},"categories":[9,6],"tags":[],"class_list":["post-7627","post","type-post","status-publish","format-standard","hentry","category-evenement","category-vie-de-la-cite"],"_links":{"self":[{"href":"https:\/\/www.comitenervo.fr\/index.php?rest_route=\/wp\/v2\/posts\/7627","targetHints":{"allow":["GET"]}}],"collection":[{"href":"https:\/\/www.comitenervo.fr\/index.php?rest_route=\/wp\/v2\/posts"}],"about":[{"href":"https:\/\/www.comitenervo.fr\/index.php?rest_route=\/wp\/v2\/types\/post"}],"author":[{"embeddable":true,"href":"https:\/\/www.comitenervo.fr\/index.php?rest_route=\/wp\/v2\/users\/2"}],"replies":[{"embeddable":true,"href":"https:\/\/www.comitenervo.fr\/index.php?rest_route=%2Fwp%2Fv2%2Fcomments&post=7627"}],"version-history":[{"count":1,"href":"https:\/\/www.comitenervo.fr\/index.php?rest_route=\/wp\/v2\/posts\/7627\/revisions"}],"predecessor-version":[{"id":7631,"href":"https:\/\/www.comitenervo.fr\/index.php?rest_route=\/wp\/v2\/posts\/7627\/revisions\/7631"}],"wp:attachment":[{"href":"https:\/\/www.comitenervo.fr\/index.php?rest_route=%2Fwp%2Fv2%2Fmedia&parent=7627"}],"wp:term":[{"taxonomy":"category","embeddable":true,"href":"https:\/\/www.comitenervo.fr\/index.php?rest_route=%2Fwp%2Fv2%2Fcategories&post=7627"},{"taxonomy":"post_tag","embeddable":true,"href":"https:\/\/www.comitenervo.fr\/index.php?rest_route=%2Fwp%2Fv2%2Ftags&post=7627"}],"curies":[{"name":"wp","href":"https:\/\/api.w.org\/{rel}","templated":true}]}}