{"id":7606,"date":"2020-02-23T18:34:43","date_gmt":"2020-02-23T17:34:43","guid":{"rendered":"https:\/\/www.comitenervo.fr\/?p=7606"},"modified":"2022-07-05T09:19:58","modified_gmt":"2022-07-05T07:19:58","slug":"les-travaux-cest-parti","status":"publish","type":"post","link":"https:\/\/www.comitenervo.fr\/?p=7606","title":{"rendered":"LES TRAVAUX : C&rsquo;EST PARTI ."},"content":{"rendered":"<p>En effet, les premi\u00e8res \u00e9tudes phoniques ont \u00e9t\u00e9 r\u00e9alis\u00e9es derni\u00e8rement au niveau du jardin de Daniel Wuilbeaux.<\/p>\n<p>Ces relev\u00e9s ont pour but de d\u00e9finir l&rsquo;impact sonore de la nouvelle sortie d&rsquo;autoroute.<\/p>\n<div id=\"attachment_7607\" style=\"width: 310px\" class=\"wp-caption alignleft\"><a href=\"https:\/\/www.comitenervo.fr\/wp-content\/uploads\/2020\/02\/P1040753-scaled.jpg\"><img loading=\"lazy\" decoding=\"async\" aria-describedby=\"caption-attachment-7607\" class=\"size-medium wp-image-7607\" src=\"https:\/\/www.comitenervo.fr\/wp-content\/uploads\/2020\/02\/P1040753-300x225.jpg\" alt=\"\" width=\"300\" height=\"225\" srcset=\"https:\/\/www.comitenervo.fr\/wp-content\/uploads\/2020\/02\/P1040753-300x225.jpg 300w, https:\/\/www.comitenervo.fr\/wp-content\/uploads\/2020\/02\/P1040753-1024x768.jpg 1024w, https:\/\/www.comitenervo.fr\/wp-content\/uploads\/2020\/02\/P1040753-768x576.jpg 768w, https:\/\/www.comitenervo.fr\/wp-content\/uploads\/2020\/02\/P1040753-1536x1152.jpg 1536w, https:\/\/www.comitenervo.fr\/wp-content\/uploads\/2020\/02\/P1040753-2048x1536.jpg 2048w, https:\/\/www.comitenervo.fr\/wp-content\/uploads\/2020\/02\/P1040753-400x300.jpg 400w\" sizes=\"auto, (max-width: 300px) 100vw, 300px\" \/><\/a><p id=\"caption-attachment-7607\" class=\"wp-caption-text\">Explications par le technicien.<\/p><\/div>\n<div id=\"attachment_7608\" style=\"width: 310px\" class=\"wp-caption alignright\"><a href=\"https:\/\/www.comitenervo.fr\/wp-content\/uploads\/2020\/02\/P1040754-scaled.jpg\"><img loading=\"lazy\" decoding=\"async\" aria-describedby=\"caption-attachment-7608\" class=\"size-medium wp-image-7608\" src=\"https:\/\/www.comitenervo.fr\/wp-content\/uploads\/2020\/02\/P1040754-300x225.jpg\" alt=\"\" width=\"300\" height=\"225\" srcset=\"https:\/\/www.comitenervo.fr\/wp-content\/uploads\/2020\/02\/P1040754-300x225.jpg 300w, https:\/\/www.comitenervo.fr\/wp-content\/uploads\/2020\/02\/P1040754-1024x768.jpg 1024w, https:\/\/www.comitenervo.fr\/wp-content\/uploads\/2020\/02\/P1040754-768x576.jpg 768w, https:\/\/www.comitenervo.fr\/wp-content\/uploads\/2020\/02\/P1040754-1536x1152.jpg 1536w, https:\/\/www.comitenervo.fr\/wp-content\/uploads\/2020\/02\/P1040754-2048x1536.jpg 2048w, https:\/\/www.comitenervo.fr\/wp-content\/uploads\/2020\/02\/P1040754-400x300.jpg 400w\" sizes=\"auto, (max-width: 300px) 100vw, 300px\" \/><\/a><p id=\"caption-attachment-7608\" class=\"wp-caption-text\">Installation du capteur.<\/p><\/div>\n","protected":false},"excerpt":{"rendered":"<p>En effet, les premi\u00e8res \u00e9tudes phoniques ont \u00e9t\u00e9 r\u00e9alis\u00e9es derni\u00e8rement au niveau du jardin de Daniel Wuilbeaux. Ces relev\u00e9s ont pour but de d\u00e9finir l&rsquo;impact sonore de la nouvelle sortie d&rsquo;autoroute.<\/p>\n","protected":false},"author":2,"featured_media":0,"comment_status":"open","ping_status":"open","sticky":false,"template":"","format":"standard","meta":{"_monsterinsights_skip_tracking":false,"_monsterinsights_sitenote_active":false,"_monsterinsights_sitenote_note":"","_monsterinsights_sitenote_category":0,"ngg_post_thumbnail":0,"footnotes":""},"categories":[6],"tags":[],"class_list":["post-7606","post","type-post","status-publish","format-standard","hentry","category-vie-de-la-cite"],"_links":{"self":[{"href":"https:\/\/www.comitenervo.fr\/index.php?rest_route=\/wp\/v2\/posts\/7606","targetHints":{"allow":["GET"]}}],"collection":[{"href":"https:\/\/www.comitenervo.fr\/index.php?rest_route=\/wp\/v2\/posts"}],"about":[{"href":"https:\/\/www.comitenervo.fr\/index.php?rest_route=\/wp\/v2\/types\/post"}],"author":[{"embeddable":true,"href":"https:\/\/www.comitenervo.fr\/index.php?rest_route=\/wp\/v2\/users\/2"}],"replies":[{"embeddable":true,"href":"https:\/\/www.comitenervo.fr\/index.php?rest_route=%2Fwp%2Fv2%2Fcomments&post=7606"}],"version-history":[{"count":2,"href":"https:\/\/www.comitenervo.fr\/index.php?rest_route=\/wp\/v2\/posts\/7606\/revisions"}],"predecessor-version":[{"id":7610,"href":"https:\/\/www.comitenervo.fr\/index.php?rest_route=\/wp\/v2\/posts\/7606\/revisions\/7610"}],"wp:attachment":[{"href":"https:\/\/www.comitenervo.fr\/index.php?rest_route=%2Fwp%2Fv2%2Fmedia&parent=7606"}],"wp:term":[{"taxonomy":"category","embeddable":true,"href":"https:\/\/www.comitenervo.fr\/index.php?rest_route=%2Fwp%2Fv2%2Fcategories&post=7606"},{"taxonomy":"post_tag","embeddable":true,"href":"https:\/\/www.comitenervo.fr\/index.php?rest_route=%2Fwp%2Fv2%2Ftags&post=7606"}],"curies":[{"name":"wp","href":"https:\/\/api.w.org\/{rel}","templated":true}]}}