{"id":7598,"date":"2020-02-23T18:07:16","date_gmt":"2020-02-23T17:07:16","guid":{"rendered":"https:\/\/www.comitenervo.fr\/?p=7598"},"modified":"2022-07-05T09:19:34","modified_gmt":"2022-07-05T07:19:34","slug":"election-du-bureau","status":"publish","type":"post","link":"https:\/\/www.comitenervo.fr\/?p=7598","title":{"rendered":"ELECTION DU BUREAU."},"content":{"rendered":"<p>L&rsquo;\u00e9lection du pr\u00e9sident, du secr\u00e9taire et du tr\u00e9sorier a eu lieu ce lundi 3 f\u00e9vrier 2020 au local associatif.<\/p>\n<p>Cette ann\u00e9e 2020 constitue une ann\u00e9e charni\u00e8re apr\u00e8s la d\u00e9mission du poste de pr\u00e9sident de Daniel Wuilbeaux.<\/p>\n<p>Afin de permettre une transition sereine, Michel Fontaine a d\u00e9cid\u00e9 de pr\u00e9sider notre association pendant 1 an, en attendant l&rsquo;arriv\u00e9e de personnes plus jeunes.<\/p>\n<p>Le secr\u00e9tariat sera assur\u00e9 par R\u00e9gine Colette, et le poste de tr\u00e9sorier par Daniel Zaich.<\/p>\n<p>&nbsp; &nbsp; &nbsp; &nbsp; &nbsp; &nbsp; &nbsp; &nbsp; &nbsp; &nbsp; &nbsp; &nbsp; &nbsp; &nbsp; &nbsp; &nbsp; &nbsp; &nbsp; &nbsp; &nbsp; &nbsp; &nbsp; &nbsp; &nbsp; &nbsp; &nbsp; &nbsp; &nbsp; &nbsp; &nbsp; &nbsp; &nbsp; &nbsp; &nbsp; &nbsp; &nbsp; &nbsp; &nbsp;<\/p>\n<div id=\"attachment_7600\" style=\"width: 310px\" class=\"wp-caption alignright\"><a href=\"https:\/\/www.comitenervo.fr\/wp-content\/uploads\/2020\/02\/P1040758-scaled.jpg\"><img loading=\"lazy\" decoding=\"async\" aria-describedby=\"caption-attachment-7600\" class=\"size-medium wp-image-7600\" src=\"https:\/\/www.comitenervo.fr\/wp-content\/uploads\/2020\/02\/P1040758-300x225.jpg\" alt=\"\" width=\"300\" height=\"225\" srcset=\"https:\/\/www.comitenervo.fr\/wp-content\/uploads\/2020\/02\/P1040758-300x225.jpg 300w, https:\/\/www.comitenervo.fr\/wp-content\/uploads\/2020\/02\/P1040758-1024x768.jpg 1024w, https:\/\/www.comitenervo.fr\/wp-content\/uploads\/2020\/02\/P1040758-768x576.jpg 768w, https:\/\/www.comitenervo.fr\/wp-content\/uploads\/2020\/02\/P1040758-1536x1152.jpg 1536w, https:\/\/www.comitenervo.fr\/wp-content\/uploads\/2020\/02\/P1040758-2048x1536.jpg 2048w, https:\/\/www.comitenervo.fr\/wp-content\/uploads\/2020\/02\/P1040758-400x300.jpg 400w\" sizes=\"auto, (max-width: 300px) 100vw, 300px\" \/><\/a><p id=\"caption-attachment-7600\" class=\"wp-caption-text\">Les 14 membres du comit\u00e9.<\/p><\/div>\n<div id=\"attachment_7599\" style=\"width: 310px\" class=\"wp-caption alignleft\"><a href=\"https:\/\/www.comitenervo.fr\/wp-content\/uploads\/2020\/02\/P1040755-scaled.jpg\"><img loading=\"lazy\" decoding=\"async\" aria-describedby=\"caption-attachment-7599\" class=\"size-medium wp-image-7599\" src=\"https:\/\/www.comitenervo.fr\/wp-content\/uploads\/2020\/02\/P1040755-300x225.jpg\" alt=\"\" width=\"300\" height=\"225\" srcset=\"https:\/\/www.comitenervo.fr\/wp-content\/uploads\/2020\/02\/P1040755-300x225.jpg 300w, https:\/\/www.comitenervo.fr\/wp-content\/uploads\/2020\/02\/P1040755-1024x768.jpg 1024w, https:\/\/www.comitenervo.fr\/wp-content\/uploads\/2020\/02\/P1040755-768x576.jpg 768w, https:\/\/www.comitenervo.fr\/wp-content\/uploads\/2020\/02\/P1040755-1536x1152.jpg 1536w, https:\/\/www.comitenervo.fr\/wp-content\/uploads\/2020\/02\/P1040755-2048x1536.jpg 2048w, https:\/\/www.comitenervo.fr\/wp-content\/uploads\/2020\/02\/P1040755-400x300.jpg 400w\" sizes=\"auto, (max-width: 300px) 100vw, 300px\" \/><\/a><p id=\"caption-attachment-7599\" class=\"wp-caption-text\">Lors de l&rsquo;\u00e9lection du bureau.<\/p><\/div>\n","protected":false},"excerpt":{"rendered":"<p>L&rsquo;\u00e9lection du pr\u00e9sident, du secr\u00e9taire et du tr\u00e9sorier a eu lieu ce lundi 3 f\u00e9vrier 2020 au local associatif. Cette ann\u00e9e 2020 constitue une ann\u00e9e charni\u00e8re apr\u00e8s la d\u00e9mission du poste de pr\u00e9sident de Daniel Wuilbeaux. Afin de permettre une &hellip; <a href=\"https:\/\/www.comitenervo.fr\/?p=7598\">Continuer la lecture <span class=\"meta-nav\">&rarr;<\/span><\/a><\/p>\n","protected":false},"author":2,"featured_media":0,"comment_status":"open","ping_status":"open","sticky":false,"template":"","format":"standard","meta":{"_monsterinsights_skip_tracking":false,"_monsterinsights_sitenote_active":false,"_monsterinsights_sitenote_note":"","_monsterinsights_sitenote_category":0,"ngg_post_thumbnail":0,"footnotes":""},"categories":[9,12],"tags":[],"class_list":["post-7598","post","type-post","status-publish","format-standard","hentry","category-evenement","category-local-de-la-cite"],"_links":{"self":[{"href":"https:\/\/www.comitenervo.fr\/index.php?rest_route=\/wp\/v2\/posts\/7598","targetHints":{"allow":["GET"]}}],"collection":[{"href":"https:\/\/www.comitenervo.fr\/index.php?rest_route=\/wp\/v2\/posts"}],"about":[{"href":"https:\/\/www.comitenervo.fr\/index.php?rest_route=\/wp\/v2\/types\/post"}],"author":[{"embeddable":true,"href":"https:\/\/www.comitenervo.fr\/index.php?rest_route=\/wp\/v2\/users\/2"}],"replies":[{"embeddable":true,"href":"https:\/\/www.comitenervo.fr\/index.php?rest_route=%2Fwp%2Fv2%2Fcomments&post=7598"}],"version-history":[{"count":1,"href":"https:\/\/www.comitenervo.fr\/index.php?rest_route=\/wp\/v2\/posts\/7598\/revisions"}],"predecessor-version":[{"id":7601,"href":"https:\/\/www.comitenervo.fr\/index.php?rest_route=\/wp\/v2\/posts\/7598\/revisions\/7601"}],"wp:attachment":[{"href":"https:\/\/www.comitenervo.fr\/index.php?rest_route=%2Fwp%2Fv2%2Fmedia&parent=7598"}],"wp:term":[{"taxonomy":"category","embeddable":true,"href":"https:\/\/www.comitenervo.fr\/index.php?rest_route=%2Fwp%2Fv2%2Fcategories&post=7598"},{"taxonomy":"post_tag","embeddable":true,"href":"https:\/\/www.comitenervo.fr\/index.php?rest_route=%2Fwp%2Fv2%2Ftags&post=7598"}],"curies":[{"name":"wp","href":"https:\/\/api.w.org\/{rel}","templated":true}]}}