{"id":7557,"date":"2020-02-03T15:44:23","date_gmt":"2020-02-03T14:44:23","guid":{"rendered":"https:\/\/www.comitenervo.fr\/?p=7557"},"modified":"2022-07-05T09:18:50","modified_gmt":"2022-07-05T07:18:50","slug":"assemblee-generale-retour","status":"publish","type":"post","link":"https:\/\/www.comitenervo.fr\/?p=7557","title":{"rendered":"ASSEMBL\u00c9E G\u00c9N\u00c9RALE : RETOUR."},"content":{"rendered":"<p>L&rsquo;assembl\u00e9e g\u00e9n\u00e9rale de ce samedi 25 janvier s&rsquo;est d\u00e9roul\u00e9e en pr\u00e9sence de tr\u00e8s nombreux adh\u00e9rents ( 70).&nbsp;<\/p>\n<p>Les diff\u00e9rents bilans ont \u00e9t\u00e9 valid\u00e9s.<\/p>\n<p>La r\u00e9union de comit\u00e9 de ce lundi 3 f\u00e9vrier verra l&rsquo;\u00e9lection d&rsquo;un nouveau pr\u00e9sident.<\/p>\n<p>En effet, apr\u00e8s 13 ans \u00e0 la t\u00eate de l&rsquo;association, Daniel Wuilbeaux a d\u00e9missionn\u00e9,&nbsp; mais reste membre actif du comit\u00e9.<\/p>\n<div id=\"attachment_7558\" style=\"width: 160px\" class=\"wp-caption alignleft\"><a href=\"https:\/\/www.comitenervo.fr\/wp-content\/uploads\/2020\/02\/P1040741-scaled.jpg\"><img loading=\"lazy\" decoding=\"async\" aria-describedby=\"caption-attachment-7558\" class=\"size-thumbnail wp-image-7558\" src=\"https:\/\/www.comitenervo.fr\/wp-content\/uploads\/2020\/02\/P1040741-150x150.jpg\" alt=\"\" width=\"150\" height=\"150\"><\/a><p id=\"caption-attachment-7558\" class=\"wp-caption-text\">Lors de l&rsquo;intervention de Michel Fontaine.<\/p><\/div>\n<div id=\"attachment_7559\" style=\"width: 160px\" class=\"wp-caption aligncenter\"><a href=\"https:\/\/www.comitenervo.fr\/wp-content\/uploads\/2020\/02\/P1040742-scaled.jpg\"><img loading=\"lazy\" decoding=\"async\" aria-describedby=\"caption-attachment-7559\" class=\"size-thumbnail wp-image-7559\" src=\"https:\/\/www.comitenervo.fr\/wp-content\/uploads\/2020\/02\/P1040742-150x150.jpg\" alt=\"\" width=\"150\" height=\"150\"><\/a><p id=\"caption-attachment-7559\" class=\"wp-caption-text\">Pr\u00e9sence nombreuse des adh\u00e9rents.<\/p><\/div>\n<div id=\"attachment_7560\" style=\"width: 160px\" class=\"wp-caption alignright\"><a href=\"https:\/\/www.comitenervo.fr\/wp-content\/uploads\/2020\/02\/P1040746-scaled.jpg\"><img loading=\"lazy\" decoding=\"async\" aria-describedby=\"caption-attachment-7560\" class=\"size-thumbnail wp-image-7560\" src=\"https:\/\/www.comitenervo.fr\/wp-content\/uploads\/2020\/02\/P1040746-150x150.jpg\" alt=\"\" width=\"150\" height=\"150\"><\/a><p id=\"caption-attachment-7560\" class=\"wp-caption-text\">Un \u00ab\u00a0tr\u00e8s\u00a0\u00bb jeune adh\u00e9rent !!!!<\/p><\/div>\n","protected":false},"excerpt":{"rendered":"<p>L&rsquo;assembl\u00e9e g\u00e9n\u00e9rale de ce samedi 25 janvier s&rsquo;est d\u00e9roul\u00e9e en pr\u00e9sence de tr\u00e8s nombreux adh\u00e9rents ( 70).&nbsp; Les diff\u00e9rents bilans ont \u00e9t\u00e9 valid\u00e9s. La r\u00e9union de comit\u00e9 de ce lundi 3 f\u00e9vrier verra l&rsquo;\u00e9lection d&rsquo;un nouveau pr\u00e9sident. En effet, apr\u00e8s &hellip; <a href=\"https:\/\/www.comitenervo.fr\/?p=7557\">Continuer la lecture <span class=\"meta-nav\">&rarr;<\/span><\/a><\/p>\n","protected":false},"author":2,"featured_media":0,"comment_status":"open","ping_status":"open","sticky":false,"template":"","format":"standard","meta":{"_monsterinsights_skip_tracking":false,"_monsterinsights_sitenote_active":false,"_monsterinsights_sitenote_note":"","_monsterinsights_sitenote_category":0,"ngg_post_thumbnail":0,"footnotes":""},"categories":[9,6],"tags":[],"class_list":["post-7557","post","type-post","status-publish","format-standard","hentry","category-evenement","category-vie-de-la-cite"],"_links":{"self":[{"href":"https:\/\/www.comitenervo.fr\/index.php?rest_route=\/wp\/v2\/posts\/7557","targetHints":{"allow":["GET"]}}],"collection":[{"href":"https:\/\/www.comitenervo.fr\/index.php?rest_route=\/wp\/v2\/posts"}],"about":[{"href":"https:\/\/www.comitenervo.fr\/index.php?rest_route=\/wp\/v2\/types\/post"}],"author":[{"embeddable":true,"href":"https:\/\/www.comitenervo.fr\/index.php?rest_route=\/wp\/v2\/users\/2"}],"replies":[{"embeddable":true,"href":"https:\/\/www.comitenervo.fr\/index.php?rest_route=%2Fwp%2Fv2%2Fcomments&post=7557"}],"version-history":[{"count":1,"href":"https:\/\/www.comitenervo.fr\/index.php?rest_route=\/wp\/v2\/posts\/7557\/revisions"}],"predecessor-version":[{"id":7561,"href":"https:\/\/www.comitenervo.fr\/index.php?rest_route=\/wp\/v2\/posts\/7557\/revisions\/7561"}],"wp:attachment":[{"href":"https:\/\/www.comitenervo.fr\/index.php?rest_route=%2Fwp%2Fv2%2Fmedia&parent=7557"}],"wp:term":[{"taxonomy":"category","embeddable":true,"href":"https:\/\/www.comitenervo.fr\/index.php?rest_route=%2Fwp%2Fv2%2Fcategories&post=7557"},{"taxonomy":"post_tag","embeddable":true,"href":"https:\/\/www.comitenervo.fr\/index.php?rest_route=%2Fwp%2Fv2%2Ftags&post=7557"}],"curies":[{"name":"wp","href":"https:\/\/api.w.org\/{rel}","templated":true}]}}