{"id":7544,"date":"2020-01-12T11:25:56","date_gmt":"2020-01-12T10:25:56","guid":{"rendered":"https:\/\/www.comitenervo.fr\/?p=7544"},"modified":"2022-07-05T09:18:04","modified_gmt":"2022-07-05T07:18:04","slug":"assemblee-generale-5","status":"publish","type":"post","link":"https:\/\/www.comitenervo.fr\/?p=7544","title":{"rendered":"ASSEMBL\u00c9E G\u00c9N\u00c9RALE."},"content":{"rendered":"<p>L&rsquo;assembl\u00e9e g\u00e9n\u00e9rale du comit\u00e9 Nervo aura lieu le samedi 25 janvier 2020 au local associatif situ\u00e9 au 21 all\u00e9e Nervo \u00e0 10h00<a href=\"https:\/\/www.comitenervo.fr\/wp-content\/uploads\/2020\/01\/ag2020.png\"><img loading=\"lazy\" decoding=\"async\" class=\"alignright size-medium wp-image-7545\" src=\"https:\/\/www.comitenervo.fr\/wp-content\/uploads\/2020\/01\/ag2020-218x300.png\" alt=\"\" width=\"218\" height=\"300\" srcset=\"https:\/\/www.comitenervo.fr\/wp-content\/uploads\/2020\/01\/ag2020-218x300.png 218w, https:\/\/www.comitenervo.fr\/wp-content\/uploads\/2020\/01\/ag2020-744x1024.png 744w, https:\/\/www.comitenervo.fr\/wp-content\/uploads\/2020\/01\/ag2020-768x1057.png 768w, https:\/\/www.comitenervo.fr\/wp-content\/uploads\/2020\/01\/ag2020.png 850w\" sizes=\"auto, (max-width: 218px) 100vw, 218px\" \/><\/a>.<\/p>\n<p>Le comit\u00e9 compte sur une pr\u00e9sence nombreuse des habitants sachant que cette AG rev\u00eat un caract\u00e8re encore plus important cette ann\u00e9e.<\/p>\n","protected":false},"excerpt":{"rendered":"<p>L&rsquo;assembl\u00e9e g\u00e9n\u00e9rale du comit\u00e9 Nervo aura lieu le samedi 25 janvier 2020 au local associatif situ\u00e9 au 21 all\u00e9e Nervo \u00e0 10h00. Le comit\u00e9 compte sur une pr\u00e9sence nombreuse des habitants sachant que cette AG rev\u00eat un caract\u00e8re encore plus &hellip; <a href=\"https:\/\/www.comitenervo.fr\/?p=7544\">Continuer la lecture <span class=\"meta-nav\">&rarr;<\/span><\/a><\/p>\n","protected":false},"author":2,"featured_media":0,"comment_status":"open","ping_status":"open","sticky":false,"template":"","format":"standard","meta":{"_monsterinsights_skip_tracking":false,"_monsterinsights_sitenote_active":false,"_monsterinsights_sitenote_note":"","_monsterinsights_sitenote_category":0,"ngg_post_thumbnail":0,"footnotes":""},"categories":[9,6],"tags":[],"class_list":["post-7544","post","type-post","status-publish","format-standard","hentry","category-evenement","category-vie-de-la-cite"],"_links":{"self":[{"href":"https:\/\/www.comitenervo.fr\/index.php?rest_route=\/wp\/v2\/posts\/7544","targetHints":{"allow":["GET"]}}],"collection":[{"href":"https:\/\/www.comitenervo.fr\/index.php?rest_route=\/wp\/v2\/posts"}],"about":[{"href":"https:\/\/www.comitenervo.fr\/index.php?rest_route=\/wp\/v2\/types\/post"}],"author":[{"embeddable":true,"href":"https:\/\/www.comitenervo.fr\/index.php?rest_route=\/wp\/v2\/users\/2"}],"replies":[{"embeddable":true,"href":"https:\/\/www.comitenervo.fr\/index.php?rest_route=%2Fwp%2Fv2%2Fcomments&post=7544"}],"version-history":[{"count":1,"href":"https:\/\/www.comitenervo.fr\/index.php?rest_route=\/wp\/v2\/posts\/7544\/revisions"}],"predecessor-version":[{"id":7546,"href":"https:\/\/www.comitenervo.fr\/index.php?rest_route=\/wp\/v2\/posts\/7544\/revisions\/7546"}],"wp:attachment":[{"href":"https:\/\/www.comitenervo.fr\/index.php?rest_route=%2Fwp%2Fv2%2Fmedia&parent=7544"}],"wp:term":[{"taxonomy":"category","embeddable":true,"href":"https:\/\/www.comitenervo.fr\/index.php?rest_route=%2Fwp%2Fv2%2Fcategories&post=7544"},{"taxonomy":"post_tag","embeddable":true,"href":"https:\/\/www.comitenervo.fr\/index.php?rest_route=%2Fwp%2Fv2%2Ftags&post=7544"}],"curies":[{"name":"wp","href":"https:\/\/api.w.org\/{rel}","templated":true}]}}