{"id":7539,"date":"2020-01-12T11:11:54","date_gmt":"2020-01-12T10:11:54","guid":{"rendered":"https:\/\/www.comitenervo.fr\/?p=7539"},"modified":"2022-07-05T09:17:58","modified_gmt":"2022-07-05T07:17:58","slug":"noel-des-enfants-6","status":"publish","type":"post","link":"https:\/\/www.comitenervo.fr\/?p=7539","title":{"rendered":"NO\u00cbL DES ENFANTS."},"content":{"rendered":"<p>Etant donn\u00e9 le temps incertain (vent, pluie&#8230;.), le comit\u00e9 avait d\u00e9cid\u00e9 d&rsquo;organiser le No\u00ebl des enfants \u00e0 l&rsquo;int\u00e9rieur de notre local.<\/p>\n<p>Tout s&rsquo;est bien pass\u00e9; au chaud !!!!!!<\/p>\n<p>Les enfants \u00e9taient contents, le p\u00e8re No\u00ebl G\u00e9rard et le comit\u00e9 aussi.<\/p>\n<p>Mr Saligot, maire et&nbsp; plusieurs membres du conseil municipal ont pu se rendre compte de la bonne ambiance qui r\u00e9gnait au local associatif.<\/p>\n<div id=\"attachment_7540\" style=\"width: 160px\" class=\"wp-caption alignleft\"><a href=\"https:\/\/www.comitenervo.fr\/wp-content\/uploads\/2020\/01\/P1040690-scaled.jpg\"><img loading=\"lazy\" decoding=\"async\" aria-describedby=\"caption-attachment-7540\" class=\"size-thumbnail wp-image-7540\" src=\"https:\/\/www.comitenervo.fr\/wp-content\/uploads\/2020\/01\/P1040690-150x150.jpg\" alt=\"\" width=\"150\" height=\"150\"><\/a><p id=\"caption-attachment-7540\" class=\"wp-caption-text\">Tout \u00e9tait pr\u00eat.<\/p><\/div>\n<div id=\"attachment_7541\" style=\"width: 160px\" class=\"wp-caption aligncenter\"><a href=\"https:\/\/www.comitenervo.fr\/wp-content\/uploads\/2020\/01\/P1040701-scaled.jpg\"><img loading=\"lazy\" decoding=\"async\" aria-describedby=\"caption-attachment-7541\" class=\"size-thumbnail wp-image-7541\" src=\"https:\/\/www.comitenervo.fr\/wp-content\/uploads\/2020\/01\/P1040701-150x150.jpg\" alt=\"\" width=\"150\" height=\"150\"><\/a><p id=\"caption-attachment-7541\" class=\"wp-caption-text\">Contents.<\/p><\/div>\n<div id=\"attachment_7542\" style=\"width: 160px\" class=\"wp-caption alignright\"><a href=\"https:\/\/www.comitenervo.fr\/wp-content\/uploads\/2020\/01\/P1040697-scaled.jpg\"><img loading=\"lazy\" decoding=\"async\" aria-describedby=\"caption-attachment-7542\" class=\"size-thumbnail wp-image-7542\" src=\"https:\/\/www.comitenervo.fr\/wp-content\/uploads\/2020\/01\/P1040697-150x150.jpg\" alt=\"\" width=\"150\" height=\"150\"><\/a><p id=\"caption-attachment-7542\" class=\"wp-caption-text\">Enfants et repr\u00e9sentants municipaux<\/p><\/div>\n","protected":false},"excerpt":{"rendered":"<p>Etant donn\u00e9 le temps incertain (vent, pluie&#8230;.), le comit\u00e9 avait d\u00e9cid\u00e9 d&rsquo;organiser le No\u00ebl des enfants \u00e0 l&rsquo;int\u00e9rieur de notre local. Tout s&rsquo;est bien pass\u00e9; au chaud !!!!!! Les enfants \u00e9taient contents, le p\u00e8re No\u00ebl G\u00e9rard et le comit\u00e9 aussi. &hellip; <a href=\"https:\/\/www.comitenervo.fr\/?p=7539\">Continuer la lecture <span class=\"meta-nav\">&rarr;<\/span><\/a><\/p>\n","protected":false},"author":2,"featured_media":0,"comment_status":"open","ping_status":"open","sticky":false,"template":"","format":"standard","meta":{"_monsterinsights_skip_tracking":false,"_monsterinsights_sitenote_active":false,"_monsterinsights_sitenote_note":"","_monsterinsights_sitenote_category":0,"ngg_post_thumbnail":0,"footnotes":""},"categories":[9,6],"tags":[],"class_list":["post-7539","post","type-post","status-publish","format-standard","hentry","category-evenement","category-vie-de-la-cite"],"_links":{"self":[{"href":"https:\/\/www.comitenervo.fr\/index.php?rest_route=\/wp\/v2\/posts\/7539","targetHints":{"allow":["GET"]}}],"collection":[{"href":"https:\/\/www.comitenervo.fr\/index.php?rest_route=\/wp\/v2\/posts"}],"about":[{"href":"https:\/\/www.comitenervo.fr\/index.php?rest_route=\/wp\/v2\/types\/post"}],"author":[{"embeddable":true,"href":"https:\/\/www.comitenervo.fr\/index.php?rest_route=\/wp\/v2\/users\/2"}],"replies":[{"embeddable":true,"href":"https:\/\/www.comitenervo.fr\/index.php?rest_route=%2Fwp%2Fv2%2Fcomments&post=7539"}],"version-history":[{"count":1,"href":"https:\/\/www.comitenervo.fr\/index.php?rest_route=\/wp\/v2\/posts\/7539\/revisions"}],"predecessor-version":[{"id":7543,"href":"https:\/\/www.comitenervo.fr\/index.php?rest_route=\/wp\/v2\/posts\/7539\/revisions\/7543"}],"wp:attachment":[{"href":"https:\/\/www.comitenervo.fr\/index.php?rest_route=%2Fwp%2Fv2%2Fmedia&parent=7539"}],"wp:term":[{"taxonomy":"category","embeddable":true,"href":"https:\/\/www.comitenervo.fr\/index.php?rest_route=%2Fwp%2Fv2%2Fcategories&post=7539"},{"taxonomy":"post_tag","embeddable":true,"href":"https:\/\/www.comitenervo.fr\/index.php?rest_route=%2Fwp%2Fv2%2Ftags&post=7539"}],"curies":[{"name":"wp","href":"https:\/\/api.w.org\/{rel}","templated":true}]}}