{"id":7379,"date":"2019-11-20T11:55:53","date_gmt":"2019-11-20T10:55:53","guid":{"rendered":"https:\/\/www.comitenervo.fr\/?p=7379"},"modified":"2022-07-05T09:15:32","modified_gmt":"2022-07-05T07:15:32","slug":"marche-de-noel-a-mons","status":"publish","type":"post","link":"https:\/\/www.comitenervo.fr\/?p=7379","title":{"rendered":"MARCHE DE NO\u00cbL A MONS"},"content":{"rendered":"<p>Cette ann\u00e9e le comit\u00e9 a d\u00e9cid\u00e9 de privil\u00e9gier la proximit\u00e9 et ainsi d&rsquo;\u00e9viter les kilom\u00e8tres en bus.<\/p>\n<p>Le march\u00e9 de no\u00ebl de Mons en Belgique a \u00e9t\u00e9 choisi: pas loin ,familial, et aussi beaucoup de commerces alentour.<\/p>\n<p>Vous pouvez d\u00e9j\u00e0 vous inscrire et d\u00e9poser votre imprim\u00e9 au local.<\/p>\n<div id=\"attachment_7381\" style=\"width: 228px\" class=\"wp-caption aligncenter\"><a href=\"https:\/\/www.comitenervo.fr\/wp-content\/uploads\/2019\/11\/AFFICHE-MONS-SITE.png\"><img loading=\"lazy\" decoding=\"async\" aria-describedby=\"caption-attachment-7381\" class=\"size-medium wp-image-7381\" src=\"https:\/\/www.comitenervo.fr\/wp-content\/uploads\/2019\/11\/AFFICHE-MONS-SITE-218x300.png\" alt=\"\" width=\"218\" height=\"300\" srcset=\"https:\/\/www.comitenervo.fr\/wp-content\/uploads\/2019\/11\/AFFICHE-MONS-SITE-218x300.png 218w, https:\/\/www.comitenervo.fr\/wp-content\/uploads\/2019\/11\/AFFICHE-MONS-SITE-768x1057.png 768w, https:\/\/www.comitenervo.fr\/wp-content\/uploads\/2019\/11\/AFFICHE-MONS-SITE-744x1024.png 744w, https:\/\/www.comitenervo.fr\/wp-content\/uploads\/2019\/11\/AFFICHE-MONS-SITE.png 850w\" sizes=\"auto, (max-width: 218px) 100vw, 218px\" \/><\/a><p id=\"caption-attachment-7381\" class=\"wp-caption-text\">Imprim\u00e9 d&rsquo;inscription.<\/p><\/div>\n","protected":false},"excerpt":{"rendered":"<p>Cette ann\u00e9e le comit\u00e9 a d\u00e9cid\u00e9 de privil\u00e9gier la proximit\u00e9 et ainsi d&rsquo;\u00e9viter les kilom\u00e8tres en bus. Le march\u00e9 de no\u00ebl de Mons en Belgique a \u00e9t\u00e9 choisi: pas loin ,familial, et aussi beaucoup de commerces alentour. Vous pouvez d\u00e9j\u00e0 &hellip; <a href=\"https:\/\/www.comitenervo.fr\/?p=7379\">Continuer la lecture <span class=\"meta-nav\">&rarr;<\/span><\/a><\/p>\n","protected":false},"author":2,"featured_media":0,"comment_status":"open","ping_status":"open","sticky":false,"template":"","format":"standard","meta":{"_monsterinsights_skip_tracking":false,"_monsterinsights_sitenote_active":false,"_monsterinsights_sitenote_note":"","_monsterinsights_sitenote_category":0,"ngg_post_thumbnail":0,"footnotes":""},"categories":[9,8],"tags":[],"class_list":["post-7379","post","type-post","status-publish","format-standard","hentry","category-evenement","category-voyage"],"_links":{"self":[{"href":"https:\/\/www.comitenervo.fr\/index.php?rest_route=\/wp\/v2\/posts\/7379","targetHints":{"allow":["GET"]}}],"collection":[{"href":"https:\/\/www.comitenervo.fr\/index.php?rest_route=\/wp\/v2\/posts"}],"about":[{"href":"https:\/\/www.comitenervo.fr\/index.php?rest_route=\/wp\/v2\/types\/post"}],"author":[{"embeddable":true,"href":"https:\/\/www.comitenervo.fr\/index.php?rest_route=\/wp\/v2\/users\/2"}],"replies":[{"embeddable":true,"href":"https:\/\/www.comitenervo.fr\/index.php?rest_route=%2Fwp%2Fv2%2Fcomments&post=7379"}],"version-history":[{"count":1,"href":"https:\/\/www.comitenervo.fr\/index.php?rest_route=\/wp\/v2\/posts\/7379\/revisions"}],"predecessor-version":[{"id":7382,"href":"https:\/\/www.comitenervo.fr\/index.php?rest_route=\/wp\/v2\/posts\/7379\/revisions\/7382"}],"wp:attachment":[{"href":"https:\/\/www.comitenervo.fr\/index.php?rest_route=%2Fwp%2Fv2%2Fmedia&parent=7379"}],"wp:term":[{"taxonomy":"category","embeddable":true,"href":"https:\/\/www.comitenervo.fr\/index.php?rest_route=%2Fwp%2Fv2%2Fcategories&post=7379"},{"taxonomy":"post_tag","embeddable":true,"href":"https:\/\/www.comitenervo.fr\/index.php?rest_route=%2Fwp%2Fv2%2Ftags&post=7379"}],"curies":[{"name":"wp","href":"https:\/\/api.w.org\/{rel}","templated":true}]}}