{"id":7373,"date":"2019-11-20T11:41:51","date_gmt":"2019-11-20T10:41:51","guid":{"rendered":"https:\/\/www.comitenervo.fr\/?p=7373"},"modified":"2022-07-05T09:15:21","modified_gmt":"2022-07-05T07:15:21","slug":"gros-succes-pour-la-fete-des-aines","status":"publish","type":"post","link":"https:\/\/www.comitenervo.fr\/?p=7373","title":{"rendered":"GROS SUCC\u00c8S POUR LA F\u00caTE DES A\u00ceN\u00c9S."},"content":{"rendered":"<p>On va peut-\u00eatre se r\u00e9p\u00e9ter, (<em> notre modestie va en prendre un coup !!<\/em>) ,mais une fois encore cette f\u00eate des a\u00een\u00e9s a connu un franc succ\u00e8s.<\/p>\n<p>Beaucoup de personnes nous ont d\u00e9j\u00e0 demand\u00e9 la date de ce th\u00e9 dansant en 2020 !!!!<\/p>\n<p>Bravo \u00e0 Salvatore et ses Wysards , bravo \u00e9galement aux membres du comit\u00e9, bien pr\u00e9sents ce mercredi.<\/p>\n<div id=\"attachment_7374\" style=\"width: 160px\" class=\"wp-caption alignleft\"><a href=\"https:\/\/www.comitenervo.fr\/wp-content\/uploads\/2019\/11\/IMG_1769.jpg\"><img loading=\"lazy\" decoding=\"async\" aria-describedby=\"caption-attachment-7374\" class=\"size-thumbnail wp-image-7374\" src=\"https:\/\/www.comitenervo.fr\/wp-content\/uploads\/2019\/11\/IMG_1769-150x150.jpg\" alt=\"\" width=\"150\" height=\"150\"><\/a><p id=\"caption-attachment-7374\" class=\"wp-caption-text\">Plus de 200 personnes.<\/p><\/div>\n<div id=\"attachment_7375\" style=\"width: 160px\" class=\"wp-caption aligncenter\"><a href=\"https:\/\/www.comitenervo.fr\/wp-content\/uploads\/2019\/11\/IMG_1761.jpg\"><img loading=\"lazy\" decoding=\"async\" aria-describedby=\"caption-attachment-7375\" class=\"size-thumbnail wp-image-7375\" src=\"https:\/\/www.comitenervo.fr\/wp-content\/uploads\/2019\/11\/IMG_1761-150x150.jpg\" alt=\"\" width=\"150\" height=\"150\"><\/a><p id=\"caption-attachment-7375\" class=\"wp-caption-text\">Salvatore et son fan&rsquo;s club.<\/p><\/div>\n<div id=\"attachment_7376\" style=\"width: 160px\" class=\"wp-caption alignright\"><a href=\"https:\/\/www.comitenervo.fr\/wp-content\/uploads\/2019\/11\/IMG_1751.jpg\"><img loading=\"lazy\" decoding=\"async\" aria-describedby=\"caption-attachment-7376\" class=\"size-thumbnail wp-image-7376\" src=\"https:\/\/www.comitenervo.fr\/wp-content\/uploads\/2019\/11\/IMG_1751-150x150.jpg\" alt=\"\" width=\"150\" height=\"150\"><\/a><p id=\"caption-attachment-7376\" class=\"wp-caption-text\">Une partie des membres du comit\u00e9 Nervo<\/p><\/div>\n<p>&nbsp;<\/p>\n","protected":false},"excerpt":{"rendered":"<p>On va peut-\u00eatre se r\u00e9p\u00e9ter, ( notre modestie va en prendre un coup !!) ,mais une fois encore cette f\u00eate des a\u00een\u00e9s a connu un franc succ\u00e8s. Beaucoup de personnes nous ont d\u00e9j\u00e0 demand\u00e9 la date de ce th\u00e9 dansant &hellip; <a href=\"https:\/\/www.comitenervo.fr\/?p=7373\">Continuer la lecture <span class=\"meta-nav\">&rarr;<\/span><\/a><\/p>\n","protected":false},"author":2,"featured_media":0,"comment_status":"open","ping_status":"open","sticky":false,"template":"","format":"standard","meta":{"_monsterinsights_skip_tracking":false,"_monsterinsights_sitenote_active":false,"_monsterinsights_sitenote_note":"","_monsterinsights_sitenote_category":0,"ngg_post_thumbnail":0,"footnotes":""},"categories":[7,9],"tags":[],"class_list":["post-7373","post","type-post","status-publish","format-standard","hentry","category-anciens-de-la-cite","category-evenement"],"_links":{"self":[{"href":"https:\/\/www.comitenervo.fr\/index.php?rest_route=\/wp\/v2\/posts\/7373","targetHints":{"allow":["GET"]}}],"collection":[{"href":"https:\/\/www.comitenervo.fr\/index.php?rest_route=\/wp\/v2\/posts"}],"about":[{"href":"https:\/\/www.comitenervo.fr\/index.php?rest_route=\/wp\/v2\/types\/post"}],"author":[{"embeddable":true,"href":"https:\/\/www.comitenervo.fr\/index.php?rest_route=\/wp\/v2\/users\/2"}],"replies":[{"embeddable":true,"href":"https:\/\/www.comitenervo.fr\/index.php?rest_route=%2Fwp%2Fv2%2Fcomments&post=7373"}],"version-history":[{"count":2,"href":"https:\/\/www.comitenervo.fr\/index.php?rest_route=\/wp\/v2\/posts\/7373\/revisions"}],"predecessor-version":[{"id":7378,"href":"https:\/\/www.comitenervo.fr\/index.php?rest_route=\/wp\/v2\/posts\/7373\/revisions\/7378"}],"wp:attachment":[{"href":"https:\/\/www.comitenervo.fr\/index.php?rest_route=%2Fwp%2Fv2%2Fmedia&parent=7373"}],"wp:term":[{"taxonomy":"category","embeddable":true,"href":"https:\/\/www.comitenervo.fr\/index.php?rest_route=%2Fwp%2Fv2%2Fcategories&post=7373"},{"taxonomy":"post_tag","embeddable":true,"href":"https:\/\/www.comitenervo.fr\/index.php?rest_route=%2Fwp%2Fv2%2Ftags&post=7373"}],"curies":[{"name":"wp","href":"https:\/\/api.w.org\/{rel}","templated":true}]}}