{"id":7351,"date":"2019-10-17T21:00:40","date_gmt":"2019-10-17T19:00:40","guid":{"rendered":"https:\/\/www.comitenervo.fr\/?p=7351"},"modified":"2022-07-05T09:15:01","modified_gmt":"2022-07-05T07:15:01","slug":"reception-des-aines-du-quartier-nervo","status":"publish","type":"post","link":"https:\/\/www.comitenervo.fr\/?p=7351","title":{"rendered":"R\u00c9CEPTION DES A\u00ceN\u00c9S DU QUARTIER NERVO."},"content":{"rendered":"<p>Le traditionnel th\u00e9 dansant destin\u00e9 \u00e0 nos a\u00een\u00e9s aura lieu le mercredi 13 novembre 2019 \u00e0 la salle de la Jeunesse \u00e0 partir de&nbsp; 15h00.<\/p>\n<p>Toujours anim\u00e9 par Salvatore et ses Wysards (pourquoi changer ), les personnes ext\u00e9rieures au quartier sont \u00e9galement cordialement invit\u00e9es .<\/p>\n<p><a href=\"https:\/\/www.comitenervo.fr\/wp-content\/uploads\/2019\/10\/affiche-aines19.png\"><img loading=\"lazy\" decoding=\"async\" class=\"size-medium wp-image-7352\" src=\"https:\/\/www.comitenervo.fr\/wp-content\/uploads\/2019\/10\/affiche-aines19-218x300.png\" alt=\"\" width=\"218\" height=\"300\" srcset=\"https:\/\/www.comitenervo.fr\/wp-content\/uploads\/2019\/10\/affiche-aines19-218x300.png 218w, https:\/\/www.comitenervo.fr\/wp-content\/uploads\/2019\/10\/affiche-aines19-768x1057.png 768w, https:\/\/www.comitenervo.fr\/wp-content\/uploads\/2019\/10\/affiche-aines19-744x1024.png 744w, https:\/\/www.comitenervo.fr\/wp-content\/uploads\/2019\/10\/affiche-aines19.png 850w\" sizes=\"auto, (max-width: 218px) 100vw, 218px\" \/><\/a><\/p>\n","protected":false},"excerpt":{"rendered":"<p>Le traditionnel th\u00e9 dansant destin\u00e9 \u00e0 nos a\u00een\u00e9s aura lieu le mercredi 13 novembre 2019 \u00e0 la salle de la Jeunesse \u00e0 partir de&nbsp; 15h00. Toujours anim\u00e9 par Salvatore et ses Wysards (pourquoi changer ), les personnes ext\u00e9rieures au quartier &hellip; <a href=\"https:\/\/www.comitenervo.fr\/?p=7351\">Continuer la lecture <span class=\"meta-nav\">&rarr;<\/span><\/a><\/p>\n","protected":false},"author":2,"featured_media":0,"comment_status":"open","ping_status":"open","sticky":false,"template":"","format":"standard","meta":{"_monsterinsights_skip_tracking":false,"_monsterinsights_sitenote_active":false,"_monsterinsights_sitenote_note":"","_monsterinsights_sitenote_category":0,"ngg_post_thumbnail":0,"footnotes":""},"categories":[7,9],"tags":[],"class_list":["post-7351","post","type-post","status-publish","format-standard","hentry","category-anciens-de-la-cite","category-evenement"],"_links":{"self":[{"href":"https:\/\/www.comitenervo.fr\/index.php?rest_route=\/wp\/v2\/posts\/7351","targetHints":{"allow":["GET"]}}],"collection":[{"href":"https:\/\/www.comitenervo.fr\/index.php?rest_route=\/wp\/v2\/posts"}],"about":[{"href":"https:\/\/www.comitenervo.fr\/index.php?rest_route=\/wp\/v2\/types\/post"}],"author":[{"embeddable":true,"href":"https:\/\/www.comitenervo.fr\/index.php?rest_route=\/wp\/v2\/users\/2"}],"replies":[{"embeddable":true,"href":"https:\/\/www.comitenervo.fr\/index.php?rest_route=%2Fwp%2Fv2%2Fcomments&post=7351"}],"version-history":[{"count":1,"href":"https:\/\/www.comitenervo.fr\/index.php?rest_route=\/wp\/v2\/posts\/7351\/revisions"}],"predecessor-version":[{"id":7353,"href":"https:\/\/www.comitenervo.fr\/index.php?rest_route=\/wp\/v2\/posts\/7351\/revisions\/7353"}],"wp:attachment":[{"href":"https:\/\/www.comitenervo.fr\/index.php?rest_route=%2Fwp%2Fv2%2Fmedia&parent=7351"}],"wp:term":[{"taxonomy":"category","embeddable":true,"href":"https:\/\/www.comitenervo.fr\/index.php?rest_route=%2Fwp%2Fv2%2Fcategories&post=7351"},{"taxonomy":"post_tag","embeddable":true,"href":"https:\/\/www.comitenervo.fr\/index.php?rest_route=%2Fwp%2Fv2%2Ftags&post=7351"}],"curies":[{"name":"wp","href":"https:\/\/api.w.org\/{rel}","templated":true}]}}