{"id":7349,"date":"2019-10-17T21:06:52","date_gmt":"2019-10-17T19:06:52","guid":{"rendered":"https:\/\/www.comitenervo.fr\/?p=7349"},"modified":"2022-07-05T09:15:08","modified_gmt":"2022-07-05T07:15:08","slug":"bal-country-6","status":"publish","type":"post","link":"https:\/\/www.comitenervo.fr\/?p=7349","title":{"rendered":"BAL COUNTRY."},"content":{"rendered":"<p>Le bal country organis\u00e9 en partenariat avec le basket f\u00e9minin aura lieu le dimanche 3 novembre 2019 de 14h00 \u00e0 19h00 \u00e0 la salle de la Jeunesse \u00e0 Escaudain.&nbsp;<\/p>\n<p>Cette ann\u00e9e ce bal sera anim\u00e9 par l&rsquo;orchestre belge \u00ab\u00a0Country Wind\u00a0\u00bb.<\/p>\n<p>Tous les amateurs de country, danseurs ou non sont invit\u00e9s cordialement.<\/p>\n<p>&nbsp; &nbsp; &nbsp; &nbsp; &nbsp; &nbsp; &nbsp; &nbsp; &nbsp; &nbsp; &nbsp; &nbsp; &nbsp; &nbsp; &nbsp; &nbsp; &nbsp; &nbsp; &nbsp; &nbsp; &nbsp; &nbsp; &nbsp; &nbsp; &nbsp; &nbsp; <a href=\"https:\/\/www.comitenervo.fr\/wp-content\/uploads\/2019\/10\/AFFICHE-COUNTRY-19-SITE.png\"><img loading=\"lazy\" decoding=\"async\" class=\"aligncenter size-medium wp-image-7354\" src=\"https:\/\/www.comitenervo.fr\/wp-content\/uploads\/2019\/10\/AFFICHE-COUNTRY-19-SITE-218x300.png\" alt=\"\" width=\"218\" height=\"300\" srcset=\"https:\/\/www.comitenervo.fr\/wp-content\/uploads\/2019\/10\/AFFICHE-COUNTRY-19-SITE-218x300.png 218w, https:\/\/www.comitenervo.fr\/wp-content\/uploads\/2019\/10\/AFFICHE-COUNTRY-19-SITE-768x1057.png 768w, https:\/\/www.comitenervo.fr\/wp-content\/uploads\/2019\/10\/AFFICHE-COUNTRY-19-SITE-744x1024.png 744w, https:\/\/www.comitenervo.fr\/wp-content\/uploads\/2019\/10\/AFFICHE-COUNTRY-19-SITE.png 850w\" sizes=\"auto, (max-width: 218px) 100vw, 218px\" \/><\/a><a href=\"https:\/\/www.comitenervo.fr\/wp-content\/uploads\/2019\/10\/play-liste-orchestre.png\"><img loading=\"lazy\" decoding=\"async\" class=\"aligncenter size-medium wp-image-7358\" src=\"https:\/\/www.comitenervo.fr\/wp-content\/uploads\/2019\/10\/play-liste-orchestre-218x300.png\" alt=\"\" width=\"218\" height=\"300\" srcset=\"https:\/\/www.comitenervo.fr\/wp-content\/uploads\/2019\/10\/play-liste-orchestre-218x300.png 218w, https:\/\/www.comitenervo.fr\/wp-content\/uploads\/2019\/10\/play-liste-orchestre-768x1057.png 768w, https:\/\/www.comitenervo.fr\/wp-content\/uploads\/2019\/10\/play-liste-orchestre-744x1024.png 744w, https:\/\/www.comitenervo.fr\/wp-content\/uploads\/2019\/10\/play-liste-orchestre.png 850w\" sizes=\"auto, (max-width: 218px) 100vw, 218px\" \/><\/a><a href=\"https:\/\/www.comitenervo.fr\/wp-content\/uploads\/2019\/10\/play-liste-gogo.png\"><img loading=\"lazy\" decoding=\"async\" class=\"aligncenter size-medium wp-image-7360\" src=\"https:\/\/www.comitenervo.fr\/wp-content\/uploads\/2019\/10\/play-liste-gogo-218x300.png\" alt=\"\" width=\"218\" height=\"300\" srcset=\"https:\/\/www.comitenervo.fr\/wp-content\/uploads\/2019\/10\/play-liste-gogo-218x300.png 218w, https:\/\/www.comitenervo.fr\/wp-content\/uploads\/2019\/10\/play-liste-gogo-768x1057.png 768w, https:\/\/www.comitenervo.fr\/wp-content\/uploads\/2019\/10\/play-liste-gogo-744x1024.png 744w, https:\/\/www.comitenervo.fr\/wp-content\/uploads\/2019\/10\/play-liste-gogo.png 850w\" sizes=\"auto, (max-width: 218px) 100vw, 218px\" \/><\/a><\/p>\n","protected":false},"excerpt":{"rendered":"<p>Le bal country organis\u00e9 en partenariat avec le basket f\u00e9minin aura lieu le dimanche 3 novembre 2019 de 14h00 \u00e0 19h00 \u00e0 la salle de la Jeunesse \u00e0 Escaudain.&nbsp; Cette ann\u00e9e ce bal sera anim\u00e9 par l&rsquo;orchestre belge \u00ab\u00a0Country Wind\u00a0\u00bb. &hellip; <a href=\"https:\/\/www.comitenervo.fr\/?p=7349\">Continuer la lecture <span class=\"meta-nav\">&rarr;<\/span><\/a><\/p>\n","protected":false},"author":2,"featured_media":0,"comment_status":"open","ping_status":"open","sticky":false,"template":"","format":"standard","meta":{"_monsterinsights_skip_tracking":false,"_monsterinsights_sitenote_active":false,"_monsterinsights_sitenote_note":"","_monsterinsights_sitenote_category":0,"ngg_post_thumbnail":0,"footnotes":""},"categories":[9],"tags":[],"class_list":["post-7349","post","type-post","status-publish","format-standard","hentry","category-evenement"],"_links":{"self":[{"href":"https:\/\/www.comitenervo.fr\/index.php?rest_route=\/wp\/v2\/posts\/7349","targetHints":{"allow":["GET"]}}],"collection":[{"href":"https:\/\/www.comitenervo.fr\/index.php?rest_route=\/wp\/v2\/posts"}],"about":[{"href":"https:\/\/www.comitenervo.fr\/index.php?rest_route=\/wp\/v2\/types\/post"}],"author":[{"embeddable":true,"href":"https:\/\/www.comitenervo.fr\/index.php?rest_route=\/wp\/v2\/users\/2"}],"replies":[{"embeddable":true,"href":"https:\/\/www.comitenervo.fr\/index.php?rest_route=%2Fwp%2Fv2%2Fcomments&post=7349"}],"version-history":[{"count":4,"href":"https:\/\/www.comitenervo.fr\/index.php?rest_route=\/wp\/v2\/posts\/7349\/revisions"}],"predecessor-version":[{"id":7361,"href":"https:\/\/www.comitenervo.fr\/index.php?rest_route=\/wp\/v2\/posts\/7349\/revisions\/7361"}],"wp:attachment":[{"href":"https:\/\/www.comitenervo.fr\/index.php?rest_route=%2Fwp%2Fv2%2Fmedia&parent=7349"}],"wp:term":[{"taxonomy":"category","embeddable":true,"href":"https:\/\/www.comitenervo.fr\/index.php?rest_route=%2Fwp%2Fv2%2Fcategories&post=7349"},{"taxonomy":"post_tag","embeddable":true,"href":"https:\/\/www.comitenervo.fr\/index.php?rest_route=%2Fwp%2Fv2%2Ftags&post=7349"}],"curies":[{"name":"wp","href":"https:\/\/api.w.org\/{rel}","templated":true}]}}