{"id":7297,"date":"2019-06-08T12:02:01","date_gmt":"2019-06-08T10:02:01","guid":{"rendered":"https:\/\/www.comitenervo.fr\/?p=7297"},"modified":"2022-07-04T22:59:59","modified_gmt":"2022-07-04T20:59:59","slug":"troisieme-activite-manuelle-enfants-parents-du-18-mai-2019","status":"publish","type":"post","link":"https:\/\/www.comitenervo.fr\/?p=7297","title":{"rendered":"Troisi\u00e8me activit\u00e9 manuelle Enfants-Parents du 18 Mai 2019."},"content":{"rendered":"<p>Et de 3 pour les ateliers Enfants-Parents de cette ann\u00e9e 2019.<\/p>\n<p>Un troisi\u00e8me atelier sur le th\u00e8me, de circonstance, de la f\u00eate des mamans !<br \/>\nLes enfants ont pu r\u00e9aliser un cadre photo suspendu.<\/p>\n<p>Prochaine s\u00e9ance : semaine prochaine le samedi 15 Juin.<br \/>\nAccueil \u00e0 partir de 9H45. L&rsquo;activit\u00e9 commence \u00e0 10H.<br \/>\nSi vous \u00eates int\u00e9ress\u00e9s, merci de vous rapprocher du comit\u00e9.<\/p>\n<div id=\"attachment_7301\" style=\"width: 310px\" class=\"wp-caption alignright\"><a href=\"https:\/\/www.comitenervo.fr\/wp-content\/uploads\/2019\/06\/20190518_115003.jpg\"><img loading=\"lazy\" decoding=\"async\" aria-describedby=\"caption-attachment-7301\" class=\"wp-image-7301 size-medium\" src=\"https:\/\/www.comitenervo.fr\/wp-content\/uploads\/2019\/06\/20190518_115003-300x169.jpg\" alt=\"\" width=\"300\" height=\"169\" srcset=\"https:\/\/www.comitenervo.fr\/wp-content\/uploads\/2019\/06\/20190518_115003-300x169.jpg 300w, https:\/\/www.comitenervo.fr\/wp-content\/uploads\/2019\/06\/20190518_115003-768x432.jpg 768w, https:\/\/www.comitenervo.fr\/wp-content\/uploads\/2019\/06\/20190518_115003-1024x576.jpg 1024w, https:\/\/www.comitenervo.fr\/wp-content\/uploads\/2019\/06\/20190518_115003-500x281.jpg 500w\" sizes=\"auto, (max-width: 300px) 100vw, 300px\" \/><\/a><p id=\"caption-attachment-7301\" class=\"wp-caption-text\">De toutes les couleurs<\/p><\/div>\n<div id=\"attachment_7299\" style=\"width: 310px\" class=\"wp-caption alignleft\"><a href=\"https:\/\/www.comitenervo.fr\/wp-content\/uploads\/2019\/06\/20190518_100951.jpg\"><img loading=\"lazy\" decoding=\"async\" aria-describedby=\"caption-attachment-7299\" class=\"wp-image-7299 size-medium\" src=\"https:\/\/www.comitenervo.fr\/wp-content\/uploads\/2019\/06\/20190518_100951-300x217.jpg\" alt=\"\" width=\"300\" height=\"217\" srcset=\"https:\/\/www.comitenervo.fr\/wp-content\/uploads\/2019\/06\/20190518_100951-300x217.jpg 300w, https:\/\/www.comitenervo.fr\/wp-content\/uploads\/2019\/06\/20190518_100951-768x555.jpg 768w, https:\/\/www.comitenervo.fr\/wp-content\/uploads\/2019\/06\/20190518_100951-1024x740.jpg 1024w, https:\/\/www.comitenervo.fr\/wp-content\/uploads\/2019\/06\/20190518_100951-415x300.jpg 415w\" sizes=\"auto, (max-width: 300px) 100vw, 300px\" \/><\/a><p id=\"caption-attachment-7299\" class=\"wp-caption-text\">Adultes et enfants au travail<\/p><\/div>\n","protected":false},"excerpt":{"rendered":"<p>Et de 3 pour les ateliers Enfants-Parents de cette ann\u00e9e 2019. Un troisi\u00e8me atelier sur le th\u00e8me, de circonstance, de la f\u00eate des mamans ! Les enfants ont pu r\u00e9aliser un cadre photo suspendu. Prochaine s\u00e9ance : semaine prochaine le &hellip; <a href=\"https:\/\/www.comitenervo.fr\/?p=7297\">Continuer la lecture <span class=\"meta-nav\">&rarr;<\/span><\/a><\/p>\n","protected":false},"author":3,"featured_media":0,"comment_status":"open","ping_status":"open","sticky":false,"template":"","format":"standard","meta":{"_monsterinsights_skip_tracking":false,"_monsterinsights_sitenote_active":false,"_monsterinsights_sitenote_note":"","_monsterinsights_sitenote_category":0,"ngg_post_thumbnail":0,"footnotes":""},"categories":[9,6],"tags":[],"class_list":["post-7297","post","type-post","status-publish","format-standard","hentry","category-evenement","category-vie-de-la-cite"],"_links":{"self":[{"href":"https:\/\/www.comitenervo.fr\/index.php?rest_route=\/wp\/v2\/posts\/7297","targetHints":{"allow":["GET"]}}],"collection":[{"href":"https:\/\/www.comitenervo.fr\/index.php?rest_route=\/wp\/v2\/posts"}],"about":[{"href":"https:\/\/www.comitenervo.fr\/index.php?rest_route=\/wp\/v2\/types\/post"}],"author":[{"embeddable":true,"href":"https:\/\/www.comitenervo.fr\/index.php?rest_route=\/wp\/v2\/users\/3"}],"replies":[{"embeddable":true,"href":"https:\/\/www.comitenervo.fr\/index.php?rest_route=%2Fwp%2Fv2%2Fcomments&post=7297"}],"version-history":[{"count":6,"href":"https:\/\/www.comitenervo.fr\/index.php?rest_route=\/wp\/v2\/posts\/7297\/revisions"}],"predecessor-version":[{"id":7306,"href":"https:\/\/www.comitenervo.fr\/index.php?rest_route=\/wp\/v2\/posts\/7297\/revisions\/7306"}],"wp:attachment":[{"href":"https:\/\/www.comitenervo.fr\/index.php?rest_route=%2Fwp%2Fv2%2Fmedia&parent=7297"}],"wp:term":[{"taxonomy":"category","embeddable":true,"href":"https:\/\/www.comitenervo.fr\/index.php?rest_route=%2Fwp%2Fv2%2Fcategories&post=7297"},{"taxonomy":"post_tag","embeddable":true,"href":"https:\/\/www.comitenervo.fr\/index.php?rest_route=%2Fwp%2Fv2%2Ftags&post=7297"}],"curies":[{"name":"wp","href":"https:\/\/api.w.org\/{rel}","templated":true}]}}