{"id":7270,"date":"2019-05-13T07:49:43","date_gmt":"2019-05-13T05:49:43","guid":{"rendered":"https:\/\/www.comitenervo.fr\/?p=7270"},"modified":"2022-07-04T22:58:38","modified_gmt":"2022-07-04T20:58:38","slug":"fete-des-voisins-5","status":"publish","type":"post","link":"https:\/\/www.comitenervo.fr\/?p=7270","title":{"rendered":"F\u00caTE DES VOISINS"},"content":{"rendered":"<p>La f\u00eate des voisins aura lieu le samedi 25 mai 2019, \u00e0 partir de 18h00 pour le barbecue et de 10h00 \u00e0 19h00 pour le jeu gonflable face au 21 all\u00e9e Nervo, au niveau du local associatif.<\/p>\n<p>Comme d&rsquo;habitude, des tables ,chaises, barbecue seront mis \u00e0 disposition .<\/p>\n<p>Une maquilleuse sera \u00e9galement pr\u00e9sente de 16h30 \u00e0 19h30 pour grimer les enfants et &#8230;. les parents !!!!!<\/p>\n<p>En cas de tr\u00e8s mauvais temps la f\u00eate sera annul\u00e9e.<a href=\"https:\/\/www.comitenervo.fr\/wp-content\/uploads\/2019\/05\/SCANAFFICHE-VOISINS.jpg\"><img loading=\"lazy\" decoding=\"async\" class=\"aligncenter size-medium wp-image-7272\" src=\"https:\/\/www.comitenervo.fr\/wp-content\/uploads\/2019\/05\/SCANAFFICHE-VOISINS-203x300.jpg\" alt=\"\" height=\"300\" width=\"203\" srcset=\"https:\/\/www.comitenervo.fr\/wp-content\/uploads\/2019\/05\/SCANAFFICHE-VOISINS-203x300.jpg 203w, https:\/\/www.comitenervo.fr\/wp-content\/uploads\/2019\/05\/SCANAFFICHE-VOISINS-693x1024.jpg 693w, https:\/\/www.comitenervo.fr\/wp-content\/uploads\/2019\/05\/SCANAFFICHE-VOISINS.jpg 736w\" sizes=\"auto, (max-width: 203px) 100vw, 203px\" \/><\/a><\/p>\n","protected":false},"excerpt":{"rendered":"<p>La f\u00eate des voisins aura lieu le samedi 25 mai 2019, \u00e0 partir de 18h00 pour le barbecue et de 10h00 \u00e0 19h00 pour le jeu gonflable face au 21 all\u00e9e Nervo, au niveau du local associatif. Comme d&rsquo;habitude, des &hellip; <a href=\"https:\/\/www.comitenervo.fr\/?p=7270\">Continuer la lecture <span class=\"meta-nav\">&rarr;<\/span><\/a><\/p>\n","protected":false},"author":2,"featured_media":0,"comment_status":"open","ping_status":"open","sticky":false,"template":"","format":"standard","meta":{"_monsterinsights_skip_tracking":false,"_monsterinsights_sitenote_active":false,"_monsterinsights_sitenote_note":"","_monsterinsights_sitenote_category":0,"ngg_post_thumbnail":0,"footnotes":""},"categories":[9,6],"tags":[],"class_list":["post-7270","post","type-post","status-publish","format-standard","hentry","category-evenement","category-vie-de-la-cite"],"_links":{"self":[{"href":"https:\/\/www.comitenervo.fr\/index.php?rest_route=\/wp\/v2\/posts\/7270","targetHints":{"allow":["GET"]}}],"collection":[{"href":"https:\/\/www.comitenervo.fr\/index.php?rest_route=\/wp\/v2\/posts"}],"about":[{"href":"https:\/\/www.comitenervo.fr\/index.php?rest_route=\/wp\/v2\/types\/post"}],"author":[{"embeddable":true,"href":"https:\/\/www.comitenervo.fr\/index.php?rest_route=\/wp\/v2\/users\/2"}],"replies":[{"embeddable":true,"href":"https:\/\/www.comitenervo.fr\/index.php?rest_route=%2Fwp%2Fv2%2Fcomments&post=7270"}],"version-history":[{"count":1,"href":"https:\/\/www.comitenervo.fr\/index.php?rest_route=\/wp\/v2\/posts\/7270\/revisions"}],"predecessor-version":[{"id":7273,"href":"https:\/\/www.comitenervo.fr\/index.php?rest_route=\/wp\/v2\/posts\/7270\/revisions\/7273"}],"wp:attachment":[{"href":"https:\/\/www.comitenervo.fr\/index.php?rest_route=%2Fwp%2Fv2%2Fmedia&parent=7270"}],"wp:term":[{"taxonomy":"category","embeddable":true,"href":"https:\/\/www.comitenervo.fr\/index.php?rest_route=%2Fwp%2Fv2%2Fcategories&post=7270"},{"taxonomy":"post_tag","embeddable":true,"href":"https:\/\/www.comitenervo.fr\/index.php?rest_route=%2Fwp%2Fv2%2Ftags&post=7270"}],"curies":[{"name":"wp","href":"https:\/\/api.w.org\/{rel}","templated":true}]}}