{"id":7223,"date":"2019-03-06T16:02:19","date_gmt":"2019-03-06T15:02:19","guid":{"rendered":"https:\/\/www.comitenervo.fr\/?p=7223"},"modified":"2022-07-04T22:57:58","modified_gmt":"2022-07-04T20:57:58","slug":"repas-du-comite-nervo","status":"publish","type":"post","link":"https:\/\/www.comitenervo.fr\/?p=7223","title":{"rendered":"REPAS DU COMITE NERVO."},"content":{"rendered":"\n<p>Le traditionnel repas du comit\u00e9 Nervo aura lieu le dimanche 7 avril 2019 \u00e0 partir de 12h30 \u00e0 la salle de la Jeunesse \u00e0 Escaudain.<\/p>\n\n\n\n<p>Ambiance familiale, bon repas et animation par le r\u00e9put\u00e9 Pascal, tous les ingr\u00e9dients sont rassembl\u00e9s pour   passer une bonne apr\u00e8s-midi.<\/p>\n\n\n\n<figure class=\"wp-block-image\"><img loading=\"lazy\" decoding=\"async\" width=\"746\" height=\"1024\" src=\"https:\/\/www.comitenervo.fr\/wp-content\/uploads\/2019\/03\/repas-a3-746x1024.jpg\" alt=\"\" class=\"wp-image-7224\" srcset=\"https:\/\/www.comitenervo.fr\/wp-content\/uploads\/2019\/03\/repas-a3-746x1024.jpg 746w, https:\/\/www.comitenervo.fr\/wp-content\/uploads\/2019\/03\/repas-a3-219x300.jpg 219w, https:\/\/www.comitenervo.fr\/wp-content\/uploads\/2019\/03\/repas-a3-768x1054.jpg 768w, https:\/\/www.comitenervo.fr\/wp-content\/uploads\/2019\/03\/repas-a3.jpg 816w\" sizes=\"auto, (max-width: 746px) 100vw, 746px\" \/><\/figure>\n","protected":false},"excerpt":{"rendered":"<p>Le traditionnel repas du comit\u00e9 Nervo aura lieu le dimanche 7 avril 2019 \u00e0 partir de 12h30 \u00e0 la salle de la Jeunesse \u00e0 Escaudain. Ambiance familiale, bon repas et animation par le r\u00e9put\u00e9 Pascal, tous les ingr\u00e9dients sont rassembl\u00e9s &hellip; <a href=\"https:\/\/www.comitenervo.fr\/?p=7223\">Continuer la lecture <span class=\"meta-nav\">&rarr;<\/span><\/a><\/p>\n","protected":false},"author":2,"featured_media":0,"comment_status":"open","ping_status":"open","sticky":false,"template":"","format":"standard","meta":{"_monsterinsights_skip_tracking":false,"_monsterinsights_sitenote_active":false,"_monsterinsights_sitenote_note":"","_monsterinsights_sitenote_category":0,"ngg_post_thumbnail":0,"footnotes":""},"categories":[9],"tags":[],"class_list":["post-7223","post","type-post","status-publish","format-standard","hentry","category-evenement"],"_links":{"self":[{"href":"https:\/\/www.comitenervo.fr\/index.php?rest_route=\/wp\/v2\/posts\/7223","targetHints":{"allow":["GET"]}}],"collection":[{"href":"https:\/\/www.comitenervo.fr\/index.php?rest_route=\/wp\/v2\/posts"}],"about":[{"href":"https:\/\/www.comitenervo.fr\/index.php?rest_route=\/wp\/v2\/types\/post"}],"author":[{"embeddable":true,"href":"https:\/\/www.comitenervo.fr\/index.php?rest_route=\/wp\/v2\/users\/2"}],"replies":[{"embeddable":true,"href":"https:\/\/www.comitenervo.fr\/index.php?rest_route=%2Fwp%2Fv2%2Fcomments&post=7223"}],"version-history":[{"count":1,"href":"https:\/\/www.comitenervo.fr\/index.php?rest_route=\/wp\/v2\/posts\/7223\/revisions"}],"predecessor-version":[{"id":7225,"href":"https:\/\/www.comitenervo.fr\/index.php?rest_route=\/wp\/v2\/posts\/7223\/revisions\/7225"}],"wp:attachment":[{"href":"https:\/\/www.comitenervo.fr\/index.php?rest_route=%2Fwp%2Fv2%2Fmedia&parent=7223"}],"wp:term":[{"taxonomy":"category","embeddable":true,"href":"https:\/\/www.comitenervo.fr\/index.php?rest_route=%2Fwp%2Fv2%2Fcategories&post=7223"},{"taxonomy":"post_tag","embeddable":true,"href":"https:\/\/www.comitenervo.fr\/index.php?rest_route=%2Fwp%2Fv2%2Ftags&post=7223"}],"curies":[{"name":"wp","href":"https:\/\/api.w.org\/{rel}","templated":true}]}}