{"id":7217,"date":"2019-03-06T14:29:51","date_gmt":"2019-03-06T13:29:51","guid":{"rendered":"https:\/\/www.comitenervo.fr\/?p=7217"},"modified":"2022-07-04T22:57:49","modified_gmt":"2022-07-04T20:57:49","slug":"ha-la-vache","status":"publish","type":"post","link":"https:\/\/www.comitenervo.fr\/?p=7217","title":{"rendered":"AH, LA VACHE !!!!!"},"content":{"rendered":"\n<p>Il y en avait \u00ab\u00a0des vaches\u00a0\u00bb au salon de l&rsquo;agriculture !!!!!!!!<\/p>\n\n\n\n<p>Veaux, vaches, cochons, chevaux , enfin tout ce que l&rsquo;on peut rencontrer dans une ferme.<\/p>\n\n\n\n<p>Du saucisson, des cornichons, de la salade&#8230;&#8230;&#8230;..<\/p>\n\n\n\n<p>Tous les participants escaudinois \u00e9taient vraiment satisfaits de leur journ\u00e9e mais aussi fatigu\u00e9s par les kilom\u00e8tres parcourus.<br><\/p>\n\n\n\n<figure class=\"wp-block-image\"><img loading=\"lazy\" decoding=\"async\" width=\"1024\" height=\"768\" src=\"https:\/\/www.comitenervo.fr\/wp-content\/uploads\/2019\/03\/P1040380IMMENSE_1-1024x768.jpg\" alt=\"\" class=\"wp-image-7218\" srcset=\"https:\/\/www.comitenervo.fr\/wp-content\/uploads\/2019\/03\/P1040380IMMENSE_1-1024x768.jpg 1024w, https:\/\/www.comitenervo.fr\/wp-content\/uploads\/2019\/03\/P1040380IMMENSE_1-300x225.jpg 300w, https:\/\/www.comitenervo.fr\/wp-content\/uploads\/2019\/03\/P1040380IMMENSE_1-768x576.jpg 768w, https:\/\/www.comitenervo.fr\/wp-content\/uploads\/2019\/03\/P1040380IMMENSE_1-400x300.jpg 400w\" sizes=\"auto, (max-width: 1024px) 100vw, 1024px\" \/><figcaption>Vraiment grand.<\/figcaption><\/figure>\n\n\n\n<figure class=\"wp-block-image\"><img loading=\"lazy\" decoding=\"async\" width=\"1024\" height=\"768\" src=\"https:\/\/www.comitenervo.fr\/wp-content\/uploads\/2019\/03\/P1040342SALONGROUPE_1-1024x768.jpg\" alt=\"\" class=\"wp-image-7219\" srcset=\"https:\/\/www.comitenervo.fr\/wp-content\/uploads\/2019\/03\/P1040342SALONGROUPE_1-1024x768.jpg 1024w, https:\/\/www.comitenervo.fr\/wp-content\/uploads\/2019\/03\/P1040342SALONGROUPE_1-300x225.jpg 300w, https:\/\/www.comitenervo.fr\/wp-content\/uploads\/2019\/03\/P1040342SALONGROUPE_1-768x576.jpg 768w, https:\/\/www.comitenervo.fr\/wp-content\/uploads\/2019\/03\/P1040342SALONGROUPE_1-400x300.jpg 400w\" sizes=\"auto, (max-width: 1024px) 100vw, 1024px\" \/><figcaption>Heureux !!!!<\/figcaption><\/figure>\n\n\n\n<figure class=\"wp-block-image\"><img loading=\"lazy\" decoding=\"async\" width=\"1024\" height=\"768\" src=\"https:\/\/www.comitenervo.fr\/wp-content\/uploads\/2019\/03\/P1040371RAPHAEL_1-1024x768.jpg\" alt=\"\" class=\"wp-image-7220\" srcset=\"https:\/\/www.comitenervo.fr\/wp-content\/uploads\/2019\/03\/P1040371RAPHAEL_1-1024x768.jpg 1024w, https:\/\/www.comitenervo.fr\/wp-content\/uploads\/2019\/03\/P1040371RAPHAEL_1-300x225.jpg 300w, https:\/\/www.comitenervo.fr\/wp-content\/uploads\/2019\/03\/P1040371RAPHAEL_1-768x576.jpg 768w, https:\/\/www.comitenervo.fr\/wp-content\/uploads\/2019\/03\/P1040371RAPHAEL_1-400x300.jpg 400w\" sizes=\"auto, (max-width: 1024px) 100vw, 1024px\" \/><figcaption>Rapha\u00ebl et ses parents<\/figcaption><\/figure>\n","protected":false},"excerpt":{"rendered":"<p>Il y en avait \u00ab\u00a0des vaches\u00a0\u00bb au salon de l&rsquo;agriculture !!!!!!!! Veaux, vaches, cochons, chevaux , enfin tout ce que l&rsquo;on peut rencontrer dans une ferme. Du saucisson, des cornichons, de la salade&#8230;&#8230;&#8230;.. Tous les participants escaudinois \u00e9taient vraiment satisfaits &hellip; <a href=\"https:\/\/www.comitenervo.fr\/?p=7217\">Continuer la lecture <span class=\"meta-nav\">&rarr;<\/span><\/a><\/p>\n","protected":false},"author":2,"featured_media":0,"comment_status":"open","ping_status":"open","sticky":false,"template":"","format":"standard","meta":{"_monsterinsights_skip_tracking":false,"_monsterinsights_sitenote_active":false,"_monsterinsights_sitenote_note":"","_monsterinsights_sitenote_category":0,"ngg_post_thumbnail":0,"footnotes":""},"categories":[9,8],"tags":[],"class_list":["post-7217","post","type-post","status-publish","format-standard","hentry","category-evenement","category-voyage"],"_links":{"self":[{"href":"https:\/\/www.comitenervo.fr\/index.php?rest_route=\/wp\/v2\/posts\/7217","targetHints":{"allow":["GET"]}}],"collection":[{"href":"https:\/\/www.comitenervo.fr\/index.php?rest_route=\/wp\/v2\/posts"}],"about":[{"href":"https:\/\/www.comitenervo.fr\/index.php?rest_route=\/wp\/v2\/types\/post"}],"author":[{"embeddable":true,"href":"https:\/\/www.comitenervo.fr\/index.php?rest_route=\/wp\/v2\/users\/2"}],"replies":[{"embeddable":true,"href":"https:\/\/www.comitenervo.fr\/index.php?rest_route=%2Fwp%2Fv2%2Fcomments&post=7217"}],"version-history":[{"count":4,"href":"https:\/\/www.comitenervo.fr\/index.php?rest_route=\/wp\/v2\/posts\/7217\/revisions"}],"predecessor-version":[{"id":7227,"href":"https:\/\/www.comitenervo.fr\/index.php?rest_route=\/wp\/v2\/posts\/7217\/revisions\/7227"}],"wp:attachment":[{"href":"https:\/\/www.comitenervo.fr\/index.php?rest_route=%2Fwp%2Fv2%2Fmedia&parent=7217"}],"wp:term":[{"taxonomy":"category","embeddable":true,"href":"https:\/\/www.comitenervo.fr\/index.php?rest_route=%2Fwp%2Fv2%2Fcategories&post=7217"},{"taxonomy":"post_tag","embeddable":true,"href":"https:\/\/www.comitenervo.fr\/index.php?rest_route=%2Fwp%2Fv2%2Ftags&post=7217"}],"curies":[{"name":"wp","href":"https:\/\/api.w.org\/{rel}","templated":true}]}}