{"id":7209,"date":"2019-02-23T09:44:46","date_gmt":"2019-02-23T08:44:46","guid":{"rendered":"https:\/\/www.comitenervo.fr\/?p=7209"},"modified":"2022-07-04T22:57:24","modified_gmt":"2022-07-04T20:57:24","slug":"7209","status":"publish","type":"post","link":"https:\/\/www.comitenervo.fr\/?p=7209","title":{"rendered":""},"content":{"rendered":"\n<h2 class=\"wp-block-heading\"><\/h2>\n\n\n\n\n\n<h2 class=\"wp-block-heading\">JEAN HAZARD, NOTRE DOYEN, EST D\u00c9C\u00c9D\u00c9.<br><\/h2>\n\n\n\n<p>Victime d&rsquo;un malaise chez lui, ce samedi 16 au matin, Jean est d\u00e9c\u00e9d\u00e9 mardi au centre hospitalier de  Lille \u00e0 l&rsquo;\u00e2ge de 91 ans.<\/p>\n\n\n\n<p>Pr\u00e9sent \u00e0 notre assembl\u00e9e g\u00e9n\u00e9rale du 26 janvier 2019, Jean \u00e9tait un fid\u00e8le de notre association.<\/p>\n\n\n\n<p>Il \u00e9tait particuli\u00e8rement appr\u00e9ci\u00e9 \u00e0 la section \u00ab\u00a0belote\u00a0\u00bb pour sa gentillesse et son sourire.<\/p>\n\n\n\n<figure class=\"wp-block-image is-resized\"><img loading=\"lazy\" decoding=\"async\" src=\"https:\/\/www.comitenervo.fr\/wp-content\/uploads\/2019\/02\/jean-aines-18_1-1024x768.jpg\" alt=\"\" class=\"wp-image-7210\" width=\"256\" height=\"192\" srcset=\"https:\/\/www.comitenervo.fr\/wp-content\/uploads\/2019\/02\/jean-aines-18_1-1024x768.jpg 1024w, https:\/\/www.comitenervo.fr\/wp-content\/uploads\/2019\/02\/jean-aines-18_1-300x225.jpg 300w, https:\/\/www.comitenervo.fr\/wp-content\/uploads\/2019\/02\/jean-aines-18_1-768x576.jpg 768w, https:\/\/www.comitenervo.fr\/wp-content\/uploads\/2019\/02\/jean-aines-18_1-400x300.jpg 400w\" sizes=\"auto, (max-width: 256px) 100vw, 256px\" \/><figcaption>lors de la derni\u00e8re f\u00eate des a\u00een\u00e9s.<\/figcaption><\/figure>\n\n\n\n<figure class=\"wp-block-image is-resized\"><img loading=\"lazy\" decoding=\"async\" src=\"https:\/\/www.comitenervo.fr\/wp-content\/uploads\/2019\/02\/hazard-belote_1-1024x681.jpg\" alt=\"\" class=\"wp-image-7211\" width=\"249\" height=\"165\" srcset=\"https:\/\/www.comitenervo.fr\/wp-content\/uploads\/2019\/02\/hazard-belote_1-1024x681.jpg 1024w, https:\/\/www.comitenervo.fr\/wp-content\/uploads\/2019\/02\/hazard-belote_1-300x200.jpg 300w, https:\/\/www.comitenervo.fr\/wp-content\/uploads\/2019\/02\/hazard-belote_1-768x511.jpg 768w, https:\/\/www.comitenervo.fr\/wp-content\/uploads\/2019\/02\/hazard-belote_1-451x300.jpg 451w\" sizes=\"auto, (max-width: 249px) 100vw, 249px\" \/><figcaption>Jean \u00e0 l&rsquo;occasion d&rsquo;une r\u00e9ception des joueurs de belote.<\/figcaption><\/figure>\n\n\n\n<p><\/p>\n","protected":false},"excerpt":{"rendered":"<p>JEAN HAZARD, NOTRE DOYEN, EST D\u00c9C\u00c9D\u00c9. Victime d&rsquo;un malaise chez lui, ce samedi 16 au matin, Jean est d\u00e9c\u00e9d\u00e9 mardi au centre hospitalier de Lille \u00e0 l&rsquo;\u00e2ge de 91 ans. Pr\u00e9sent \u00e0 notre assembl\u00e9e g\u00e9n\u00e9rale du 26 janvier 2019, Jean &hellip; <a href=\"https:\/\/www.comitenervo.fr\/?p=7209\">Continuer la lecture <span class=\"meta-nav\">&rarr;<\/span><\/a><\/p>\n","protected":false},"author":2,"featured_media":0,"comment_status":"open","ping_status":"open","sticky":false,"template":"","format":"standard","meta":{"_monsterinsights_skip_tracking":false,"_monsterinsights_sitenote_active":false,"_monsterinsights_sitenote_note":"","_monsterinsights_sitenote_category":0,"ngg_post_thumbnail":0,"footnotes":""},"categories":[10],"tags":[],"class_list":["post-7209","post","type-post","status-publish","format-standard","hentry","category-portrait"],"_links":{"self":[{"href":"https:\/\/www.comitenervo.fr\/index.php?rest_route=\/wp\/v2\/posts\/7209","targetHints":{"allow":["GET"]}}],"collection":[{"href":"https:\/\/www.comitenervo.fr\/index.php?rest_route=\/wp\/v2\/posts"}],"about":[{"href":"https:\/\/www.comitenervo.fr\/index.php?rest_route=\/wp\/v2\/types\/post"}],"author":[{"embeddable":true,"href":"https:\/\/www.comitenervo.fr\/index.php?rest_route=\/wp\/v2\/users\/2"}],"replies":[{"embeddable":true,"href":"https:\/\/www.comitenervo.fr\/index.php?rest_route=%2Fwp%2Fv2%2Fcomments&post=7209"}],"version-history":[{"count":4,"href":"https:\/\/www.comitenervo.fr\/index.php?rest_route=\/wp\/v2\/posts\/7209\/revisions"}],"predecessor-version":[{"id":7215,"href":"https:\/\/www.comitenervo.fr\/index.php?rest_route=\/wp\/v2\/posts\/7209\/revisions\/7215"}],"wp:attachment":[{"href":"https:\/\/www.comitenervo.fr\/index.php?rest_route=%2Fwp%2Fv2%2Fmedia&parent=7209"}],"wp:term":[{"taxonomy":"category","embeddable":true,"href":"https:\/\/www.comitenervo.fr\/index.php?rest_route=%2Fwp%2Fv2%2Fcategories&post=7209"},{"taxonomy":"post_tag","embeddable":true,"href":"https:\/\/www.comitenervo.fr\/index.php?rest_route=%2Fwp%2Fv2%2Ftags&post=7209"}],"curies":[{"name":"wp","href":"https:\/\/api.w.org\/{rel}","templated":true}]}}