{"id":7195,"date":"2019-02-21T21:23:05","date_gmt":"2019-02-21T20:23:05","guid":{"rendered":"https:\/\/www.comitenervo.fr\/?p=7195"},"modified":"2022-07-04T22:56:28","modified_gmt":"2022-07-04T20:56:28","slug":"activite-manuelle-enfants-parents-premiere","status":"publish","type":"post","link":"https:\/\/www.comitenervo.fr\/?p=7195","title":{"rendered":"\u00ab\u00a0Activit\u00e9 Manuelle Enfants-Parents\u00a0\u00bb, Premi\u00e8re"},"content":{"rendered":"\n<p>Ce samedi 16 F\u00e9vrier a eu  lieu le premier atelier \u00ab\u00a0<em>Activit\u00e9s Manuelles Enfants-Parents<\/em>\u00a0\u00bb .<\/p>\n\n\n\n<p>Les microbes ayant eu raison de certains, l&rsquo;atelier s&rsquo;est d\u00e9roul\u00e9 avec 3 enfants et leurs accompagnants plus motiv\u00e9s que jamais.<\/p>\n\n\n\n<p>Photos \u00e0 l&rsquo;appui, vous pouvez d\u00e9couvrir leur \u0153uvre d&rsquo;art : un p\u00e8le m\u00eale photo.<\/p>\n\n\n\n<p>Le prochain atelier est fix\u00e9 le 23 mars. Si vous \u00eates int\u00e9ress\u00e9, merci de vous rapprocher du comit\u00e9 pour vous inscrire. <\/p>\n\n\n\n<p>Petit rappel, les ateliers sont ouverts sur inscription aux enfants scolaris\u00e9s de 2 \u00e0 11 ans accompagn\u00e9s d&rsquo;un adulte. <\/p>\n\n\n\n<figure class=\"wp-block-image is-resized\"><img loading=\"lazy\" decoding=\"async\" src=\"https:\/\/www.comitenervo.fr\/wp-content\/uploads\/2019\/02\/20190216_112549-1-1024x576.jpg\" alt=\"\" class=\"wp-image-7200\" width=\"385\" height=\"216\" srcset=\"https:\/\/www.comitenervo.fr\/wp-content\/uploads\/2019\/02\/20190216_112549-1-1024x576.jpg 1024w, https:\/\/www.comitenervo.fr\/wp-content\/uploads\/2019\/02\/20190216_112549-1-300x169.jpg 300w, https:\/\/www.comitenervo.fr\/wp-content\/uploads\/2019\/02\/20190216_112549-1-768x432.jpg 768w, https:\/\/www.comitenervo.fr\/wp-content\/uploads\/2019\/02\/20190216_112549-1-500x281.jpg 500w\" sizes=\"auto, (max-width: 385px) 100vw, 385px\" \/><\/figure>\n\n\n\n<p><br><\/p>\n","protected":false},"excerpt":{"rendered":"<p>Ce samedi 16 F\u00e9vrier a eu lieu le premier atelier \u00ab\u00a0Activit\u00e9s Manuelles Enfants-Parents\u00a0\u00bb . Les microbes ayant eu raison de certains, l&rsquo;atelier s&rsquo;est d\u00e9roul\u00e9 avec 3 enfants et leurs accompagnants plus motiv\u00e9s que jamais. Photos \u00e0 l&rsquo;appui, vous pouvez d\u00e9couvrir &hellip; <a href=\"https:\/\/www.comitenervo.fr\/?p=7195\">Continuer la lecture <span class=\"meta-nav\">&rarr;<\/span><\/a><\/p>\n","protected":false},"author":1,"featured_media":0,"comment_status":"open","ping_status":"open","sticky":false,"template":"","format":"standard","meta":{"_monsterinsights_skip_tracking":false,"_monsterinsights_sitenote_active":false,"_monsterinsights_sitenote_note":"","_monsterinsights_sitenote_category":0,"ngg_post_thumbnail":0,"footnotes":""},"categories":[9,6],"tags":[],"class_list":["post-7195","post","type-post","status-publish","format-standard","hentry","category-evenement","category-vie-de-la-cite"],"_links":{"self":[{"href":"https:\/\/www.comitenervo.fr\/index.php?rest_route=\/wp\/v2\/posts\/7195","targetHints":{"allow":["GET"]}}],"collection":[{"href":"https:\/\/www.comitenervo.fr\/index.php?rest_route=\/wp\/v2\/posts"}],"about":[{"href":"https:\/\/www.comitenervo.fr\/index.php?rest_route=\/wp\/v2\/types\/post"}],"author":[{"embeddable":true,"href":"https:\/\/www.comitenervo.fr\/index.php?rest_route=\/wp\/v2\/users\/1"}],"replies":[{"embeddable":true,"href":"https:\/\/www.comitenervo.fr\/index.php?rest_route=%2Fwp%2Fv2%2Fcomments&post=7195"}],"version-history":[{"count":7,"href":"https:\/\/www.comitenervo.fr\/index.php?rest_route=\/wp\/v2\/posts\/7195\/revisions"}],"predecessor-version":[{"id":7206,"href":"https:\/\/www.comitenervo.fr\/index.php?rest_route=\/wp\/v2\/posts\/7195\/revisions\/7206"}],"wp:attachment":[{"href":"https:\/\/www.comitenervo.fr\/index.php?rest_route=%2Fwp%2Fv2%2Fmedia&parent=7195"}],"wp:term":[{"taxonomy":"category","embeddable":true,"href":"https:\/\/www.comitenervo.fr\/index.php?rest_route=%2Fwp%2Fv2%2Fcategories&post=7195"},{"taxonomy":"post_tag","embeddable":true,"href":"https:\/\/www.comitenervo.fr\/index.php?rest_route=%2Fwp%2Fv2%2Ftags&post=7195"}],"curies":[{"name":"wp","href":"https:\/\/api.w.org\/{rel}","templated":true}]}}