{"id":6986,"date":"2019-02-04T12:11:12","date_gmt":"2019-02-04T11:11:12","guid":{"rendered":"https:\/\/www.comitenervo.fr\/?p=6986"},"modified":"2022-07-04T22:56:12","modified_gmt":"2022-07-04T20:56:12","slug":"salon-de-lagriculture","status":"publish","type":"post","link":"https:\/\/www.comitenervo.fr\/?p=6986","title":{"rendered":"SALON DE L&rsquo;AGRICULTURE."},"content":{"rendered":"<p>Le comit\u00e9 organise une excursion au salon de l&rsquo;agriculture le dimanche 3 mars 2019.<\/p>\n<p>D\u00e9part \u00e0 7h00 et retour vers 20h30.<\/p>\n<p>Attention, nombre de places limit\u00e9<\/p>\n<div id=\"attachment_6987\" style=\"width: 220px\" class=\"wp-caption aligncenter\"><a href=\"https:\/\/www.comitenervo.fr\/wp-content\/uploads\/2019\/02\/agriculture19.jpg\"><img loading=\"lazy\" decoding=\"async\" aria-describedby=\"caption-attachment-6987\" class=\"size-medium wp-image-6987\" src=\"https:\/\/www.comitenervo.fr\/wp-content\/uploads\/2019\/02\/agriculture19-210x300.jpg\" alt=\"\" height=\"300\" width=\"210\" srcset=\"https:\/\/www.comitenervo.fr\/wp-content\/uploads\/2019\/02\/agriculture19-210x300.jpg 210w, https:\/\/www.comitenervo.fr\/wp-content\/uploads\/2019\/02\/agriculture19-768x1097.jpg 768w, https:\/\/www.comitenervo.fr\/wp-content\/uploads\/2019\/02\/agriculture19-717x1024.jpg 717w, https:\/\/www.comitenervo.fr\/wp-content\/uploads\/2019\/02\/agriculture19.jpg 784w\" sizes=\"auto, (max-width: 210px) 100vw, 210px\" \/><\/a><p id=\"caption-attachment-6987\" class=\"wp-caption-text\">Salon de l&rsquo;agriculture.<\/p><\/div>\n<p>.<\/p>\n","protected":false},"excerpt":{"rendered":"<p>Le comit\u00e9 organise une excursion au salon de l&rsquo;agriculture le dimanche 3 mars 2019. D\u00e9part \u00e0 7h00 et retour vers 20h30. Attention, nombre de places limit\u00e9 .<\/p>\n","protected":false},"author":2,"featured_media":0,"comment_status":"open","ping_status":"open","sticky":false,"template":"","format":"standard","meta":{"_monsterinsights_skip_tracking":false,"_monsterinsights_sitenote_active":false,"_monsterinsights_sitenote_note":"","_monsterinsights_sitenote_category":0,"ngg_post_thumbnail":0,"footnotes":""},"categories":[9,8],"tags":[],"class_list":["post-6986","post","type-post","status-publish","format-standard","hentry","category-evenement","category-voyage"],"_links":{"self":[{"href":"https:\/\/www.comitenervo.fr\/index.php?rest_route=\/wp\/v2\/posts\/6986","targetHints":{"allow":["GET"]}}],"collection":[{"href":"https:\/\/www.comitenervo.fr\/index.php?rest_route=\/wp\/v2\/posts"}],"about":[{"href":"https:\/\/www.comitenervo.fr\/index.php?rest_route=\/wp\/v2\/types\/post"}],"author":[{"embeddable":true,"href":"https:\/\/www.comitenervo.fr\/index.php?rest_route=\/wp\/v2\/users\/2"}],"replies":[{"embeddable":true,"href":"https:\/\/www.comitenervo.fr\/index.php?rest_route=%2Fwp%2Fv2%2Fcomments&post=6986"}],"version-history":[{"count":1,"href":"https:\/\/www.comitenervo.fr\/index.php?rest_route=\/wp\/v2\/posts\/6986\/revisions"}],"predecessor-version":[{"id":6988,"href":"https:\/\/www.comitenervo.fr\/index.php?rest_route=\/wp\/v2\/posts\/6986\/revisions\/6988"}],"wp:attachment":[{"href":"https:\/\/www.comitenervo.fr\/index.php?rest_route=%2Fwp%2Fv2%2Fmedia&parent=6986"}],"wp:term":[{"taxonomy":"category","embeddable":true,"href":"https:\/\/www.comitenervo.fr\/index.php?rest_route=%2Fwp%2Fv2%2Fcategories&post=6986"},{"taxonomy":"post_tag","embeddable":true,"href":"https:\/\/www.comitenervo.fr\/index.php?rest_route=%2Fwp%2Fv2%2Ftags&post=6986"}],"curies":[{"name":"wp","href":"https:\/\/api.w.org\/{rel}","templated":true}]}}