{"id":6963,"date":"2018-12-30T09:48:40","date_gmt":"2018-12-30T08:48:40","guid":{"rendered":"https:\/\/www.comitenervo.fr\/?p=6963"},"modified":"2022-07-04T22:55:49","modified_gmt":"2022-07-04T20:55:49","slug":"la-guirlande-a-marc","status":"publish","type":"post","link":"https:\/\/www.comitenervo.fr\/?p=6963","title":{"rendered":"LA GUIRLANDE A MARC."},"content":{"rendered":"<p>Elle \u00e9tait&nbsp; devenue un peu moins lumineuse, subissant ann\u00e9e apr\u00e8s ann\u00e9e, les attaques du temps.<\/p>\n<p>Marc Fassin (<em> alias bricoman<\/em>) s&rsquo;est propos\u00e9 de lui donner une seconde jeunesse.<\/p>\n<p>Changement de cordon lumineux, ajout d&rsquo;un nouveau motif,&nbsp; un dernier coup de couleur et l&rsquo;affaire \u00e9tait r\u00e9gl\u00e9e !!!!<\/p>\n<p>Merci qui ? merci Marc !!!!<\/p>\n<div id=\"attachment_6964\" style=\"width: 160px\" class=\"wp-caption alignleft\"><a href=\"https:\/\/www.comitenervo.fr\/wp-content\/uploads\/2018\/12\/P1040244_1.jpg\"><img loading=\"lazy\" decoding=\"async\" aria-describedby=\"caption-attachment-6964\" class=\"size-thumbnail wp-image-6964\" src=\"https:\/\/www.comitenervo.fr\/wp-content\/uploads\/2018\/12\/P1040244_1-150x150.jpg\" alt=\"\" height=\"150\" width=\"150\"><\/a><p id=\"caption-attachment-6964\" class=\"wp-caption-text\">La guirlande \u00e0 Marc.&nbsp;&nbsp;&nbsp;&nbsp;&nbsp;&nbsp;&nbsp;&nbsp;&nbsp;&nbsp;&nbsp;&nbsp;&nbsp;&nbsp;&nbsp;&nbsp;&nbsp;&nbsp;&nbsp;&nbsp;<\/p><\/div>\n<div id=\"attachment_6967\" style=\"width: 160px\" class=\"wp-caption alignright\"><a href=\"https:\/\/www.comitenervo.fr\/wp-content\/uploads\/2018\/12\/P1040246_1.jpg\"><img loading=\"lazy\" decoding=\"async\" aria-describedby=\"caption-attachment-6967\" class=\"size-thumbnail wp-image-6967\" src=\"https:\/\/www.comitenervo.fr\/wp-content\/uploads\/2018\/12\/P1040246_1-150x150.jpg\" alt=\"\" height=\"150\" width=\"150\"><\/a><p id=\"caption-attachment-6967\" class=\"wp-caption-text\">Dans la nuit de la cit\u00e9 Nervo.<\/p><\/div>\n","protected":false},"excerpt":{"rendered":"<p>Elle \u00e9tait&nbsp; devenue un peu moins lumineuse, subissant ann\u00e9e apr\u00e8s ann\u00e9e, les attaques du temps. Marc Fassin ( alias bricoman) s&rsquo;est propos\u00e9 de lui donner une seconde jeunesse. Changement de cordon lumineux, ajout d&rsquo;un nouveau motif,&nbsp; un dernier coup de &hellip; <a href=\"https:\/\/www.comitenervo.fr\/?p=6963\">Continuer la lecture <span class=\"meta-nav\">&rarr;<\/span><\/a><\/p>\n","protected":false},"author":2,"featured_media":0,"comment_status":"open","ping_status":"open","sticky":false,"template":"","format":"standard","meta":{"_monsterinsights_skip_tracking":false,"_monsterinsights_sitenote_active":false,"_monsterinsights_sitenote_note":"","_monsterinsights_sitenote_category":0,"ngg_post_thumbnail":0,"footnotes":""},"categories":[10,6],"tags":[],"class_list":["post-6963","post","type-post","status-publish","format-standard","hentry","category-portrait","category-vie-de-la-cite"],"_links":{"self":[{"href":"https:\/\/www.comitenervo.fr\/index.php?rest_route=\/wp\/v2\/posts\/6963","targetHints":{"allow":["GET"]}}],"collection":[{"href":"https:\/\/www.comitenervo.fr\/index.php?rest_route=\/wp\/v2\/posts"}],"about":[{"href":"https:\/\/www.comitenervo.fr\/index.php?rest_route=\/wp\/v2\/types\/post"}],"author":[{"embeddable":true,"href":"https:\/\/www.comitenervo.fr\/index.php?rest_route=\/wp\/v2\/users\/2"}],"replies":[{"embeddable":true,"href":"https:\/\/www.comitenervo.fr\/index.php?rest_route=%2Fwp%2Fv2%2Fcomments&post=6963"}],"version-history":[{"count":3,"href":"https:\/\/www.comitenervo.fr\/index.php?rest_route=\/wp\/v2\/posts\/6963\/revisions"}],"predecessor-version":[{"id":6970,"href":"https:\/\/www.comitenervo.fr\/index.php?rest_route=\/wp\/v2\/posts\/6963\/revisions\/6970"}],"wp:attachment":[{"href":"https:\/\/www.comitenervo.fr\/index.php?rest_route=%2Fwp%2Fv2%2Fmedia&parent=6963"}],"wp:term":[{"taxonomy":"category","embeddable":true,"href":"https:\/\/www.comitenervo.fr\/index.php?rest_route=%2Fwp%2Fv2%2Fcategories&post=6963"},{"taxonomy":"post_tag","embeddable":true,"href":"https:\/\/www.comitenervo.fr\/index.php?rest_route=%2Fwp%2Fv2%2Ftags&post=6963"}],"curies":[{"name":"wp","href":"https:\/\/api.w.org\/{rel}","templated":true}]}}