{"id":6229,"date":"2018-12-26T18:31:41","date_gmt":"2018-12-26T17:31:41","guid":{"rendered":"https:\/\/www.comitenervo.fr\/?p=6229"},"modified":"2022-07-04T22:55:40","modified_gmt":"2022-07-04T20:55:40","slug":"noel-des-enfants-5","status":"publish","type":"post","link":"https:\/\/www.comitenervo.fr\/?p=6229","title":{"rendered":"NO\u00cbL DES ENFANTS ."},"content":{"rendered":"<p>Il a fait beau ce samedi 22 d\u00e9cembre sur la cit\u00e9 Nervo, dans le ciel et dans les c\u0153urs<\/p>\n<p>Ciel bleu, des enfants, des parents, des habitants du quartier, tout le monde \u00e9tait l\u00e0.<\/p>\n<p>M\u00eame le p\u00e8re No\u00ebl G\u00e9rard, qui a pass\u00e9 un bon moment aupr\u00e8s des enfants.<\/p>\n<div id=\"attachment_6230\" style=\"width: 160px\" class=\"wp-caption alignleft\"><a href=\"https:\/\/www.comitenervo.fr\/wp-content\/uploads\/2018\/12\/P1040231_1.jpg\"><img loading=\"lazy\" decoding=\"async\" aria-describedby=\"caption-attachment-6230\" class=\"size-thumbnail wp-image-6230\" src=\"https:\/\/www.comitenervo.fr\/wp-content\/uploads\/2018\/12\/P1040231_1-150x150.jpg\" alt=\"\" height=\"150\" width=\"150\"><\/a><p id=\"caption-attachment-6230\" class=\"wp-caption-text\">Jean, \u00e0 peine 70 ans !!!&nbsp;&nbsp;&nbsp;&nbsp;&nbsp;&nbsp;&nbsp;&nbsp;&nbsp;&nbsp;&nbsp;&nbsp;&nbsp;&nbsp;&nbsp;&nbsp;&nbsp;&nbsp;&nbsp;&nbsp;&nbsp;<\/p><\/div>\n<div id=\"attachment_6231\" style=\"width: 160px\" class=\"wp-caption aligncenter\"><a href=\"https:\/\/www.comitenervo.fr\/wp-content\/uploads\/2018\/12\/P1040201_1.jpg\"><img loading=\"lazy\" decoding=\"async\" aria-describedby=\"caption-attachment-6231\" class=\"size-thumbnail wp-image-6231\" src=\"https:\/\/www.comitenervo.fr\/wp-content\/uploads\/2018\/12\/P1040201_1-150x150.jpg\" alt=\"\" height=\"150\" width=\"150\"><\/a><p id=\"caption-attachment-6231\" class=\"wp-caption-text\">Les organisateurs.<\/p><\/div>\n<div id=\"attachment_6232\" style=\"width: 160px\" class=\"wp-caption alignright\"><a href=\"https:\/\/www.comitenervo.fr\/wp-content\/uploads\/2018\/12\/P1040202_1.jpg\"><img loading=\"lazy\" decoding=\"async\" aria-describedby=\"caption-attachment-6232\" class=\"size-thumbnail wp-image-6232\" src=\"https:\/\/www.comitenervo.fr\/wp-content\/uploads\/2018\/12\/P1040202_1-150x150.jpg\" alt=\"\" height=\"150\" width=\"150\"><\/a><p id=\"caption-attachment-6232\" class=\"wp-caption-text\">Parmi les 60 enfants.<\/p><\/div>\n","protected":false},"excerpt":{"rendered":"<p>Il a fait beau ce samedi 22 d\u00e9cembre sur la cit\u00e9 Nervo, dans le ciel et dans les c\u0153urs Ciel bleu, des enfants, des parents, des habitants du quartier, tout le monde \u00e9tait l\u00e0. M\u00eame le p\u00e8re No\u00ebl G\u00e9rard, qui &hellip; <a href=\"https:\/\/www.comitenervo.fr\/?p=6229\">Continuer la lecture <span class=\"meta-nav\">&rarr;<\/span><\/a><\/p>\n","protected":false},"author":2,"featured_media":0,"comment_status":"open","ping_status":"open","sticky":false,"template":"","format":"standard","meta":{"_monsterinsights_skip_tracking":false,"_monsterinsights_sitenote_active":false,"_monsterinsights_sitenote_note":"","_monsterinsights_sitenote_category":0,"ngg_post_thumbnail":0,"footnotes":""},"categories":[9,6],"tags":[],"class_list":["post-6229","post","type-post","status-publish","format-standard","hentry","category-evenement","category-vie-de-la-cite"],"_links":{"self":[{"href":"https:\/\/www.comitenervo.fr\/index.php?rest_route=\/wp\/v2\/posts\/6229","targetHints":{"allow":["GET"]}}],"collection":[{"href":"https:\/\/www.comitenervo.fr\/index.php?rest_route=\/wp\/v2\/posts"}],"about":[{"href":"https:\/\/www.comitenervo.fr\/index.php?rest_route=\/wp\/v2\/types\/post"}],"author":[{"embeddable":true,"href":"https:\/\/www.comitenervo.fr\/index.php?rest_route=\/wp\/v2\/users\/2"}],"replies":[{"embeddable":true,"href":"https:\/\/www.comitenervo.fr\/index.php?rest_route=%2Fwp%2Fv2%2Fcomments&post=6229"}],"version-history":[{"count":1,"href":"https:\/\/www.comitenervo.fr\/index.php?rest_route=\/wp\/v2\/posts\/6229\/revisions"}],"predecessor-version":[{"id":6233,"href":"https:\/\/www.comitenervo.fr\/index.php?rest_route=\/wp\/v2\/posts\/6229\/revisions\/6233"}],"wp:attachment":[{"href":"https:\/\/www.comitenervo.fr\/index.php?rest_route=%2Fwp%2Fv2%2Fmedia&parent=6229"}],"wp:term":[{"taxonomy":"category","embeddable":true,"href":"https:\/\/www.comitenervo.fr\/index.php?rest_route=%2Fwp%2Fv2%2Fcategories&post=6229"},{"taxonomy":"post_tag","embeddable":true,"href":"https:\/\/www.comitenervo.fr\/index.php?rest_route=%2Fwp%2Fv2%2Ftags&post=6229"}],"curies":[{"name":"wp","href":"https:\/\/api.w.org\/{rel}","templated":true}]}}