{"id":6213,"date":"2018-11-29T10:34:28","date_gmt":"2018-11-29T09:34:28","guid":{"rendered":"https:\/\/www.comitenervo.fr\/?p=6213"},"modified":"2022-07-04T22:55:00","modified_gmt":"2022-07-04T20:55:00","slug":"cours-dinformatique-2","status":"publish","type":"post","link":"https:\/\/www.comitenervo.fr\/?p=6213","title":{"rendered":"COURS D&rsquo;INFORMATIQUE."},"content":{"rendered":"<p>Le comit\u00e9 vous rappelle que les cours d&rsquo;informatique ont lieu tous les 1er samedis du mois au local associatif (21 all\u00e9e Nervo).<\/p>\n<p>Vous \u00eates tous les bienvenus quelque soit votre niveau.<\/p>\n<p><strong>Prochaine s\u00e9ance ce samedi 1er d\u00e9cembre \u00e0 10h00.<\/strong><\/p>\n<p style=\"text-align: center;\"><a href=\"https:\/\/www.comitenervo.fr\/wp-content\/uploads\/2018\/11\/infofx.jpg\"><img loading=\"lazy\" decoding=\"async\" class=\"aligncenter size-medium wp-image-6214\" src=\"https:\/\/www.comitenervo.fr\/wp-content\/uploads\/2018\/11\/infofx-203x300.jpg\" alt=\"\" height=\"300\" width=\"203\" srcset=\"https:\/\/www.comitenervo.fr\/wp-content\/uploads\/2018\/11\/infofx-203x300.jpg 203w, https:\/\/www.comitenervo.fr\/wp-content\/uploads\/2018\/11\/infofx-693x1024.jpg 693w, https:\/\/www.comitenervo.fr\/wp-content\/uploads\/2018\/11\/infofx.jpg 704w\" sizes=\"auto, (max-width: 203px) 100vw, 203px\" \/><\/a><\/p>\n","protected":false},"excerpt":{"rendered":"<p>Le comit\u00e9 vous rappelle que les cours d&rsquo;informatique ont lieu tous les 1er samedis du mois au local associatif (21 all\u00e9e Nervo). Vous \u00eates tous les bienvenus quelque soit votre niveau. Prochaine s\u00e9ance ce samedi 1er d\u00e9cembre \u00e0 10h00.<\/p>\n","protected":false},"author":2,"featured_media":0,"comment_status":"open","ping_status":"open","sticky":false,"template":"","format":"standard","meta":{"_monsterinsights_skip_tracking":false,"_monsterinsights_sitenote_active":false,"_monsterinsights_sitenote_note":"","_monsterinsights_sitenote_category":0,"ngg_post_thumbnail":0,"footnotes":""},"categories":[9,6],"tags":[],"class_list":["post-6213","post","type-post","status-publish","format-standard","hentry","category-evenement","category-vie-de-la-cite"],"_links":{"self":[{"href":"https:\/\/www.comitenervo.fr\/index.php?rest_route=\/wp\/v2\/posts\/6213","targetHints":{"allow":["GET"]}}],"collection":[{"href":"https:\/\/www.comitenervo.fr\/index.php?rest_route=\/wp\/v2\/posts"}],"about":[{"href":"https:\/\/www.comitenervo.fr\/index.php?rest_route=\/wp\/v2\/types\/post"}],"author":[{"embeddable":true,"href":"https:\/\/www.comitenervo.fr\/index.php?rest_route=\/wp\/v2\/users\/2"}],"replies":[{"embeddable":true,"href":"https:\/\/www.comitenervo.fr\/index.php?rest_route=%2Fwp%2Fv2%2Fcomments&post=6213"}],"version-history":[{"count":1,"href":"https:\/\/www.comitenervo.fr\/index.php?rest_route=\/wp\/v2\/posts\/6213\/revisions"}],"predecessor-version":[{"id":6215,"href":"https:\/\/www.comitenervo.fr\/index.php?rest_route=\/wp\/v2\/posts\/6213\/revisions\/6215"}],"wp:attachment":[{"href":"https:\/\/www.comitenervo.fr\/index.php?rest_route=%2Fwp%2Fv2%2Fmedia&parent=6213"}],"wp:term":[{"taxonomy":"category","embeddable":true,"href":"https:\/\/www.comitenervo.fr\/index.php?rest_route=%2Fwp%2Fv2%2Fcategories&post=6213"},{"taxonomy":"post_tag","embeddable":true,"href":"https:\/\/www.comitenervo.fr\/index.php?rest_route=%2Fwp%2Fv2%2Ftags&post=6213"}],"curies":[{"name":"wp","href":"https:\/\/api.w.org\/{rel}","templated":true}]}}