{"id":6209,"date":"2018-11-07T22:08:38","date_gmt":"2018-11-07T21:08:38","guid":{"rendered":"https:\/\/www.comitenervo.fr\/?p=6209"},"modified":"2022-07-04T22:54:42","modified_gmt":"2022-07-04T20:54:42","slug":"fete-des-aines-5","status":"publish","type":"post","link":"https:\/\/www.comitenervo.fr\/?p=6209","title":{"rendered":"F\u00caTE DES A\u00ceN\u00c9S."},"content":{"rendered":"<p>Le comit\u00e9 Nervo organise sa traditionnelle f\u00eate des a\u00een\u00e9s le mercredi 21 novembre 2018 \u00e0 la salle de la Jeunesse de 15h00 \u00e0 19h00.<\/p>\n<p>Les amateurs de danse et de bonne humeur sont cordialement invit\u00e9s,<\/p>\n<div id=\"attachment_6210\" style=\"width: 229px\" class=\"wp-caption aligncenter\"><a href=\"https:\/\/www.comitenervo.fr\/wp-content\/uploads\/2018\/11\/aines18aff-001.jpg\"><img loading=\"lazy\" decoding=\"async\" aria-describedby=\"caption-attachment-6210\" class=\"size-medium wp-image-6210\" src=\"https:\/\/www.comitenervo.fr\/wp-content\/uploads\/2018\/11\/aines18aff-001-219x300.jpg\" alt=\"\" height=\"300\" width=\"219\" srcset=\"https:\/\/www.comitenervo.fr\/wp-content\/uploads\/2018\/11\/aines18aff-001-219x300.jpg 219w, https:\/\/www.comitenervo.fr\/wp-content\/uploads\/2018\/11\/aines18aff-001-768x1050.jpg 768w, https:\/\/www.comitenervo.fr\/wp-content\/uploads\/2018\/11\/aines18aff-001-749x1024.jpg 749w, https:\/\/www.comitenervo.fr\/wp-content\/uploads\/2018\/11\/aines18aff-001.jpg 784w\" sizes=\"auto, (max-width: 219px) 100vw, 219px\" \/><\/a><p id=\"caption-attachment-6210\" class=\"wp-caption-text\">F\u00eate des a\u00een\u00e9s.<\/p><\/div>\n","protected":false},"excerpt":{"rendered":"<p>Le comit\u00e9 Nervo organise sa traditionnelle f\u00eate des a\u00een\u00e9s le mercredi 21 novembre 2018 \u00e0 la salle de la Jeunesse de 15h00 \u00e0 19h00. Les amateurs de danse et de bonne humeur sont cordialement invit\u00e9s,<\/p>\n","protected":false},"author":2,"featured_media":0,"comment_status":"open","ping_status":"open","sticky":false,"template":"","format":"standard","meta":{"_monsterinsights_skip_tracking":false,"_monsterinsights_sitenote_active":false,"_monsterinsights_sitenote_note":"","_monsterinsights_sitenote_category":0,"ngg_post_thumbnail":0,"footnotes":""},"categories":[7,9],"tags":[],"class_list":["post-6209","post","type-post","status-publish","format-standard","hentry","category-anciens-de-la-cite","category-evenement"],"_links":{"self":[{"href":"https:\/\/www.comitenervo.fr\/index.php?rest_route=\/wp\/v2\/posts\/6209","targetHints":{"allow":["GET"]}}],"collection":[{"href":"https:\/\/www.comitenervo.fr\/index.php?rest_route=\/wp\/v2\/posts"}],"about":[{"href":"https:\/\/www.comitenervo.fr\/index.php?rest_route=\/wp\/v2\/types\/post"}],"author":[{"embeddable":true,"href":"https:\/\/www.comitenervo.fr\/index.php?rest_route=\/wp\/v2\/users\/2"}],"replies":[{"embeddable":true,"href":"https:\/\/www.comitenervo.fr\/index.php?rest_route=%2Fwp%2Fv2%2Fcomments&post=6209"}],"version-history":[{"count":1,"href":"https:\/\/www.comitenervo.fr\/index.php?rest_route=\/wp\/v2\/posts\/6209\/revisions"}],"predecessor-version":[{"id":6211,"href":"https:\/\/www.comitenervo.fr\/index.php?rest_route=\/wp\/v2\/posts\/6209\/revisions\/6211"}],"wp:attachment":[{"href":"https:\/\/www.comitenervo.fr\/index.php?rest_route=%2Fwp%2Fv2%2Fmedia&parent=6209"}],"wp:term":[{"taxonomy":"category","embeddable":true,"href":"https:\/\/www.comitenervo.fr\/index.php?rest_route=%2Fwp%2Fv2%2Fcategories&post=6209"},{"taxonomy":"post_tag","embeddable":true,"href":"https:\/\/www.comitenervo.fr\/index.php?rest_route=%2Fwp%2Fv2%2Ftags&post=6209"}],"curies":[{"name":"wp","href":"https:\/\/api.w.org\/{rel}","templated":true}]}}