{"id":5935,"date":"2018-10-18T21:09:37","date_gmt":"2018-10-18T19:09:37","guid":{"rendered":"https:\/\/www.comitenervo.fr\/?p=5935"},"modified":"2022-07-04T22:54:28","modified_gmt":"2022-07-04T20:54:28","slug":"exposition-photos","status":"publish","type":"post","link":"https:\/\/www.comitenervo.fr\/?p=5935","title":{"rendered":"EXPOSITION PHOTOS"},"content":{"rendered":"<p>En partenariat avec le foyer la\u00efque, le comit\u00e9 Nervo organise une exposition photos le samedi 27 octobre de 15h00 \u00e0 18h00 et le dimanche 28 octobre de 10h00 \u00e0 12h00 au local associatif.<\/p>\n<p>Cette exposition a pour th\u00e8me : \u00ab\u00a0Regarde mon quartier\u00a0\u00bb.<\/p>\n<p>Une touche particuli\u00e8re sera mise&nbsp; en exergue chez nous, avec \u00ab\u00a0<strong>la vie simplement dans notre quartier\u00a0\u00bb.<\/strong><\/p>\n<p>Venez nombreux.<\/p>\n","protected":false},"excerpt":{"rendered":"<p>En partenariat avec le foyer la\u00efque, le comit\u00e9 Nervo organise une exposition photos le samedi 27 octobre de 15h00 \u00e0 18h00 et le dimanche 28 octobre de 10h00 \u00e0 12h00 au local associatif. Cette exposition a pour th\u00e8me : \u00ab\u00a0Regarde &hellip; <a href=\"https:\/\/www.comitenervo.fr\/?p=5935\">Continuer la lecture <span class=\"meta-nav\">&rarr;<\/span><\/a><\/p>\n","protected":false},"author":2,"featured_media":0,"comment_status":"open","ping_status":"open","sticky":false,"template":"","format":"standard","meta":{"_monsterinsights_skip_tracking":false,"_monsterinsights_sitenote_active":false,"_monsterinsights_sitenote_note":"","_monsterinsights_sitenote_category":0,"ngg_post_thumbnail":0,"footnotes":""},"categories":[9,10,6],"tags":[],"class_list":["post-5935","post","type-post","status-publish","format-standard","hentry","category-evenement","category-portrait","category-vie-de-la-cite"],"_links":{"self":[{"href":"https:\/\/www.comitenervo.fr\/index.php?rest_route=\/wp\/v2\/posts\/5935","targetHints":{"allow":["GET"]}}],"collection":[{"href":"https:\/\/www.comitenervo.fr\/index.php?rest_route=\/wp\/v2\/posts"}],"about":[{"href":"https:\/\/www.comitenervo.fr\/index.php?rest_route=\/wp\/v2\/types\/post"}],"author":[{"embeddable":true,"href":"https:\/\/www.comitenervo.fr\/index.php?rest_route=\/wp\/v2\/users\/2"}],"replies":[{"embeddable":true,"href":"https:\/\/www.comitenervo.fr\/index.php?rest_route=%2Fwp%2Fv2%2Fcomments&post=5935"}],"version-history":[{"count":1,"href":"https:\/\/www.comitenervo.fr\/index.php?rest_route=\/wp\/v2\/posts\/5935\/revisions"}],"predecessor-version":[{"id":5936,"href":"https:\/\/www.comitenervo.fr\/index.php?rest_route=\/wp\/v2\/posts\/5935\/revisions\/5936"}],"wp:attachment":[{"href":"https:\/\/www.comitenervo.fr\/index.php?rest_route=%2Fwp%2Fv2%2Fmedia&parent=5935"}],"wp:term":[{"taxonomy":"category","embeddable":true,"href":"https:\/\/www.comitenervo.fr\/index.php?rest_route=%2Fwp%2Fv2%2Fcategories&post=5935"},{"taxonomy":"post_tag","embeddable":true,"href":"https:\/\/www.comitenervo.fr\/index.php?rest_route=%2Fwp%2Fv2%2Ftags&post=5935"}],"curies":[{"name":"wp","href":"https:\/\/api.w.org\/{rel}","templated":true}]}}