{"id":5930,"date":"2018-09-20T22:33:47","date_gmt":"2018-09-20T20:33:47","guid":{"rendered":"https:\/\/www.comitenervo.fr\/?p=5930"},"modified":"2018-10-28T12:07:58","modified_gmt":"2018-10-28T11:07:58","slug":"claudine-et-daniel-50-ans-de-mariage","status":"publish","type":"post","link":"https:\/\/www.comitenervo.fr\/?p=5930","title":{"rendered":"CLAUDINE ET DANIEL : 50 ANS DE MARIAGE."},"content":{"rendered":"<p>Claudine et Daniel, adh\u00e9rents depuis la cr\u00e9ation du comit\u00e9 ont f\u00eat\u00e9 leur 50 ans de mariage.<\/p>\n<p>A cette occasion ,ils ont invit\u00e9&nbsp; leurs amis de l&rsquo;association autour d&rsquo;une part de g\u00e2teau et d&rsquo;une petite coupe de champagne au local.<\/p>\n<p>Un petit baiser, une petite larme , beaucoup d&rsquo;\u00e9motion pour les 2 \u00ab\u00a0tourtereaux\u00a0\u00bb&nbsp; et leurs amis<\/p>\n<div id=\"attachment_5931\" style=\"width: 310px\" class=\"wp-caption alignright\"><a href=\"https:\/\/www.comitenervo.fr\/wp-content\/uploads\/2018\/09\/P1040026DADAINVIT2S_1.jpg\"><img loading=\"lazy\" decoding=\"async\" aria-describedby=\"caption-attachment-5931\" class=\"size-medium wp-image-5931\" src=\"https:\/\/www.comitenervo.fr\/wp-content\/uploads\/2018\/09\/P1040026DADAINVIT2S_1-300x225.jpg\" alt=\"\" height=\"225\" width=\"300\" srcset=\"https:\/\/www.comitenervo.fr\/wp-content\/uploads\/2018\/09\/P1040026DADAINVIT2S_1-300x225.jpg 300w, https:\/\/www.comitenervo.fr\/wp-content\/uploads\/2018\/09\/P1040026DADAINVIT2S_1-768x576.jpg 768w, https:\/\/www.comitenervo.fr\/wp-content\/uploads\/2018\/09\/P1040026DADAINVIT2S_1-1024x768.jpg 1024w, https:\/\/www.comitenervo.fr\/wp-content\/uploads\/2018\/09\/P1040026DADAINVIT2S_1-400x300.jpg 400w, https:\/\/www.comitenervo.fr\/wp-content\/uploads\/2018\/09\/P1040026DADAINVIT2S_1.jpg 2000w\" sizes=\"auto, (max-width: 300px) 100vw, 300px\" \/><\/a><p id=\"caption-attachment-5931\" class=\"wp-caption-text\">Claudine, Daniel et leurs amis.<\/p><\/div>\n<p>.<\/p>\n<div id=\"attachment_5932\" style=\"width: 310px\" class=\"wp-caption alignleft\"><a href=\"https:\/\/www.comitenervo.fr\/wp-content\/uploads\/2018\/09\/P1040025BAISER_1.jpg\"><img loading=\"lazy\" decoding=\"async\" aria-describedby=\"caption-attachment-5932\" class=\"size-medium wp-image-5932\" src=\"https:\/\/www.comitenervo.fr\/wp-content\/uploads\/2018\/09\/P1040025BAISER_1-300x225.jpg\" alt=\"\" height=\"225\" width=\"300\" srcset=\"https:\/\/www.comitenervo.fr\/wp-content\/uploads\/2018\/09\/P1040025BAISER_1-300x225.jpg 300w, https:\/\/www.comitenervo.fr\/wp-content\/uploads\/2018\/09\/P1040025BAISER_1-768x576.jpg 768w, https:\/\/www.comitenervo.fr\/wp-content\/uploads\/2018\/09\/P1040025BAISER_1-1024x768.jpg 1024w, https:\/\/www.comitenervo.fr\/wp-content\/uploads\/2018\/09\/P1040025BAISER_1-400x300.jpg 400w, https:\/\/www.comitenervo.fr\/wp-content\/uploads\/2018\/09\/P1040025BAISER_1.jpg 2000w\" sizes=\"auto, (max-width: 300px) 100vw, 300px\" \/><\/a><p id=\"caption-attachment-5932\" class=\"wp-caption-text\">Un petit baiser !!!<\/p><\/div>\n","protected":false},"excerpt":{"rendered":"<p>Claudine et Daniel, adh\u00e9rents depuis la cr\u00e9ation du comit\u00e9 ont f\u00eat\u00e9 leur 50 ans de mariage. A cette occasion ,ils ont invit\u00e9&nbsp; leurs amis de l&rsquo;association autour d&rsquo;une part de g\u00e2teau et d&rsquo;une petite coupe de champagne au local. Un &hellip; <a href=\"https:\/\/www.comitenervo.fr\/?p=5930\">Continuer la lecture <span class=\"meta-nav\">&rarr;<\/span><\/a><\/p>\n","protected":false},"author":2,"featured_media":0,"comment_status":"open","ping_status":"open","sticky":false,"template":"","format":"standard","meta":{"_monsterinsights_skip_tracking":false,"_monsterinsights_sitenote_active":false,"_monsterinsights_sitenote_note":"","_monsterinsights_sitenote_category":0,"ngg_post_thumbnail":0,"footnotes":""},"categories":[9,10,6],"tags":[],"class_list":["post-5930","post","type-post","status-publish","format-standard","hentry","category-evenement","category-portrait","category-vie-de-la-cite"],"_links":{"self":[{"href":"https:\/\/www.comitenervo.fr\/index.php?rest_route=\/wp\/v2\/posts\/5930","targetHints":{"allow":["GET"]}}],"collection":[{"href":"https:\/\/www.comitenervo.fr\/index.php?rest_route=\/wp\/v2\/posts"}],"about":[{"href":"https:\/\/www.comitenervo.fr\/index.php?rest_route=\/wp\/v2\/types\/post"}],"author":[{"embeddable":true,"href":"https:\/\/www.comitenervo.fr\/index.php?rest_route=\/wp\/v2\/users\/2"}],"replies":[{"embeddable":true,"href":"https:\/\/www.comitenervo.fr\/index.php?rest_route=%2Fwp%2Fv2%2Fcomments&post=5930"}],"version-history":[{"count":1,"href":"https:\/\/www.comitenervo.fr\/index.php?rest_route=\/wp\/v2\/posts\/5930\/revisions"}],"predecessor-version":[{"id":5933,"href":"https:\/\/www.comitenervo.fr\/index.php?rest_route=\/wp\/v2\/posts\/5930\/revisions\/5933"}],"wp:attachment":[{"href":"https:\/\/www.comitenervo.fr\/index.php?rest_route=%2Fwp%2Fv2%2Fmedia&parent=5930"}],"wp:term":[{"taxonomy":"category","embeddable":true,"href":"https:\/\/www.comitenervo.fr\/index.php?rest_route=%2Fwp%2Fv2%2Fcategories&post=5930"},{"taxonomy":"post_tag","embeddable":true,"href":"https:\/\/www.comitenervo.fr\/index.php?rest_route=%2Fwp%2Fv2%2Ftags&post=5930"}],"curies":[{"name":"wp","href":"https:\/\/api.w.org\/{rel}","templated":true}]}}