{"id":5848,"date":"2018-08-14T22:00:07","date_gmt":"2018-08-14T20:00:07","guid":{"rendered":"https:\/\/www.comitenervo.fr\/?p=5848"},"modified":"2018-10-28T12:31:13","modified_gmt":"2018-10-28T11:31:13","slug":"coupe-du-monde-retour","status":"publish","type":"post","link":"https:\/\/www.comitenervo.fr\/?p=5848","title":{"rendered":"COUPE DU MONDE: RETOUR."},"content":{"rendered":"<p>A l&rsquo;occasion de la coupe du monde, le comit\u00e9 avait invit\u00e9 les personnes int\u00e9ress\u00e9es \u00e0 suivre les rencontres de l&rsquo;\u00e9quipe de France au local et ceci sur grand \u00e9cran.<\/p>\n<p>Cette initiative a connu un grand succ\u00e8s et pr\u00e8s de 30 personnes ont assist\u00e9 \u00e0 la finale.<\/p>\n<div id=\"attachment_5849\" style=\"width: 310px\" class=\"wp-caption alignleft\"><a href=\"https:\/\/www.comitenervo.fr\/wp-content\/uploads\/2018\/08\/sallecoupe_1.jpg\"><img loading=\"lazy\" decoding=\"async\" aria-describedby=\"caption-attachment-5849\" class=\"size-medium wp-image-5849\" src=\"https:\/\/www.comitenervo.fr\/wp-content\/uploads\/2018\/08\/sallecoupe_1-300x169.jpg\" alt=\"\" height=\"169\" width=\"300\" srcset=\"https:\/\/www.comitenervo.fr\/wp-content\/uploads\/2018\/08\/sallecoupe_1-300x169.jpg 300w, https:\/\/www.comitenervo.fr\/wp-content\/uploads\/2018\/08\/sallecoupe_1-768x432.jpg 768w, https:\/\/www.comitenervo.fr\/wp-content\/uploads\/2018\/08\/sallecoupe_1-1024x576.jpg 1024w, https:\/\/www.comitenervo.fr\/wp-content\/uploads\/2018\/08\/sallecoupe_1-500x281.jpg 500w, https:\/\/www.comitenervo.fr\/wp-content\/uploads\/2018\/08\/sallecoupe_1.jpg 1920w\" sizes=\"auto, (max-width: 300px) 100vw, 300px\" \/><\/a><p id=\"caption-attachment-5849\" class=\"wp-caption-text\">Lors d&rsquo;une rencontre.&nbsp;&nbsp;&nbsp;&nbsp;&nbsp;&nbsp;&nbsp;&nbsp;&nbsp;&nbsp;&nbsp;&nbsp;&nbsp;&nbsp;&nbsp;&nbsp;&nbsp;&nbsp;&nbsp;&nbsp;&nbsp;&nbsp;&nbsp;&nbsp;&nbsp;&nbsp;&nbsp;&nbsp;&nbsp;&nbsp;&nbsp;&nbsp;&nbsp;&nbsp;&nbsp;&nbsp;&nbsp;&nbsp;&nbsp;&nbsp;&nbsp;&nbsp;&nbsp;<\/p><\/div>\n<div id=\"attachment_5850\" style=\"width: 310px\" class=\"wp-caption alignright\"><a href=\"https:\/\/www.comitenervo.fr\/wp-content\/uploads\/2018\/08\/raymondcoupe_1.jpg\"><img loading=\"lazy\" decoding=\"async\" aria-describedby=\"caption-attachment-5850\" class=\"size-medium wp-image-5850\" src=\"https:\/\/www.comitenervo.fr\/wp-content\/uploads\/2018\/08\/raymondcoupe_1-300x169.jpg\" alt=\"\" height=\"169\" width=\"300\" srcset=\"https:\/\/www.comitenervo.fr\/wp-content\/uploads\/2018\/08\/raymondcoupe_1-300x169.jpg 300w, https:\/\/www.comitenervo.fr\/wp-content\/uploads\/2018\/08\/raymondcoupe_1-768x432.jpg 768w, https:\/\/www.comitenervo.fr\/wp-content\/uploads\/2018\/08\/raymondcoupe_1-1024x576.jpg 1024w, https:\/\/www.comitenervo.fr\/wp-content\/uploads\/2018\/08\/raymondcoupe_1-500x281.jpg 500w, https:\/\/www.comitenervo.fr\/wp-content\/uploads\/2018\/08\/raymondcoupe_1.jpg 1920w\" sizes=\"auto, (max-width: 300px) 100vw, 300px\" \/><\/a><p id=\"caption-attachment-5850\" class=\"wp-caption-text\">Raymond et son drapeau.<\/p><\/div>\n","protected":false},"excerpt":{"rendered":"<p>A l&rsquo;occasion de la coupe du monde, le comit\u00e9 avait invit\u00e9 les personnes int\u00e9ress\u00e9es \u00e0 suivre les rencontres de l&rsquo;\u00e9quipe de France au local et ceci sur grand \u00e9cran. Cette initiative a connu un grand succ\u00e8s et pr\u00e8s de 30 &hellip; <a href=\"https:\/\/www.comitenervo.fr\/?p=5848\">Continuer la lecture <span class=\"meta-nav\">&rarr;<\/span><\/a><\/p>\n","protected":false},"author":2,"featured_media":0,"comment_status":"open","ping_status":"open","sticky":false,"template":"","format":"standard","meta":{"_monsterinsights_skip_tracking":false,"_monsterinsights_sitenote_active":false,"_monsterinsights_sitenote_note":"","_monsterinsights_sitenote_category":0,"ngg_post_thumbnail":0,"footnotes":""},"categories":[9,6],"tags":[],"class_list":["post-5848","post","type-post","status-publish","format-standard","hentry","category-evenement","category-vie-de-la-cite"],"_links":{"self":[{"href":"https:\/\/www.comitenervo.fr\/index.php?rest_route=\/wp\/v2\/posts\/5848","targetHints":{"allow":["GET"]}}],"collection":[{"href":"https:\/\/www.comitenervo.fr\/index.php?rest_route=\/wp\/v2\/posts"}],"about":[{"href":"https:\/\/www.comitenervo.fr\/index.php?rest_route=\/wp\/v2\/types\/post"}],"author":[{"embeddable":true,"href":"https:\/\/www.comitenervo.fr\/index.php?rest_route=\/wp\/v2\/users\/2"}],"replies":[{"embeddable":true,"href":"https:\/\/www.comitenervo.fr\/index.php?rest_route=%2Fwp%2Fv2%2Fcomments&post=5848"}],"version-history":[{"count":1,"href":"https:\/\/www.comitenervo.fr\/index.php?rest_route=\/wp\/v2\/posts\/5848\/revisions"}],"predecessor-version":[{"id":5851,"href":"https:\/\/www.comitenervo.fr\/index.php?rest_route=\/wp\/v2\/posts\/5848\/revisions\/5851"}],"wp:attachment":[{"href":"https:\/\/www.comitenervo.fr\/index.php?rest_route=%2Fwp%2Fv2%2Fmedia&parent=5848"}],"wp:term":[{"taxonomy":"category","embeddable":true,"href":"https:\/\/www.comitenervo.fr\/index.php?rest_route=%2Fwp%2Fv2%2Fcategories&post=5848"},{"taxonomy":"post_tag","embeddable":true,"href":"https:\/\/www.comitenervo.fr\/index.php?rest_route=%2Fwp%2Fv2%2Ftags&post=5848"}],"curies":[{"name":"wp","href":"https:\/\/api.w.org\/{rel}","templated":true}]}}