{"id":5838,"date":"2018-08-13T22:17:34","date_gmt":"2018-08-13T20:17:34","guid":{"rendered":"https:\/\/www.comitenervo.fr\/?p=5838"},"modified":"2018-10-28T12:31:00","modified_gmt":"2018-10-28T11:31:00","slug":"le-treport-premiere","status":"publish","type":"post","link":"https:\/\/www.comitenervo.fr\/?p=5838","title":{"rendered":"LE TREPORT PREMI\u00c8RE."},"content":{"rendered":"<p>Le Tr\u00e9port avec ses falaises, son funiculaire, son port de p\u00eache (et son petit train !!!!) a \u00e9t\u00e9 choisi comme destination&nbsp; de l&rsquo;excursion sur la c\u00f4te, suite \u00e0 la demande de nombreux adh\u00e9rents.<\/p>\n<p>Arriv\u00e9s \u00e0 9h45 sur place, les participants (105), apr\u00e8s une promenade en petit train, ont eu tout le loisir jusqu&rsquo;\u00e0 19h00, de profiter de cette charmante station baln\u00e9aire.<\/p>\n<div id=\"attachment_5839\" style=\"width: 160px\" class=\"wp-caption alignleft\"><a href=\"https:\/\/www.comitenervo.fr\/wp-content\/uploads\/2018\/08\/trep-falaise_1.jpg\"><img loading=\"lazy\" decoding=\"async\" aria-describedby=\"caption-attachment-5839\" class=\"size-thumbnail wp-image-5839\" src=\"https:\/\/www.comitenervo.fr\/wp-content\/uploads\/2018\/08\/trep-falaise_1-150x150.jpg\" alt=\"\" height=\"150\" width=\"150\"><\/a><p id=\"caption-attachment-5839\" class=\"wp-caption-text\">C&rsquo;est pas beau ?<\/p><\/div>\n<div id=\"attachment_5840\" style=\"width: 160px\" class=\"wp-caption aligncenter\"><a href=\"https:\/\/www.comitenervo.fr\/wp-content\/uploads\/2018\/08\/treport1site_1.jpg\"><img loading=\"lazy\" decoding=\"async\" aria-describedby=\"caption-attachment-5840\" class=\"size-thumbnail wp-image-5840\" src=\"https:\/\/www.comitenervo.fr\/wp-content\/uploads\/2018\/08\/treport1site_1-150x150.jpg\" alt=\"\" height=\"150\" width=\"150\"><\/a><p id=\"caption-attachment-5840\" class=\"wp-caption-text\">Satisfaits.<\/p><\/div>\n<div id=\"attachment_5841\" style=\"width: 160px\" class=\"wp-caption alignright\"><a href=\"https:\/\/www.comitenervo.fr\/wp-content\/uploads\/2018\/08\/petit-train.jpg\"><img loading=\"lazy\" decoding=\"async\" aria-describedby=\"caption-attachment-5841\" class=\"size-thumbnail wp-image-5841\" src=\"https:\/\/www.comitenervo.fr\/wp-content\/uploads\/2018\/08\/petit-train-150x150.jpg\" alt=\"\" height=\"150\" width=\"150\"><\/a><p id=\"caption-attachment-5841\" class=\"wp-caption-text\">Petit train.<\/p><\/div>\n<p>&nbsp;<\/p>\n<p>&nbsp;<\/p>\n","protected":false},"excerpt":{"rendered":"<p>Le Tr\u00e9port avec ses falaises, son funiculaire, son port de p\u00eache (et son petit train !!!!) a \u00e9t\u00e9 choisi comme destination&nbsp; de l&rsquo;excursion sur la c\u00f4te, suite \u00e0 la demande de nombreux adh\u00e9rents. Arriv\u00e9s \u00e0 9h45 sur place, les participants &hellip; <a href=\"https:\/\/www.comitenervo.fr\/?p=5838\">Continuer la lecture <span class=\"meta-nav\">&rarr;<\/span><\/a><\/p>\n","protected":false},"author":2,"featured_media":0,"comment_status":"open","ping_status":"open","sticky":false,"template":"","format":"standard","meta":{"_monsterinsights_skip_tracking":false,"_monsterinsights_sitenote_active":false,"_monsterinsights_sitenote_note":"","_monsterinsights_sitenote_category":0,"ngg_post_thumbnail":0,"footnotes":""},"categories":[9,8],"tags":[],"class_list":["post-5838","post","type-post","status-publish","format-standard","hentry","category-evenement","category-voyage"],"_links":{"self":[{"href":"https:\/\/www.comitenervo.fr\/index.php?rest_route=\/wp\/v2\/posts\/5838","targetHints":{"allow":["GET"]}}],"collection":[{"href":"https:\/\/www.comitenervo.fr\/index.php?rest_route=\/wp\/v2\/posts"}],"about":[{"href":"https:\/\/www.comitenervo.fr\/index.php?rest_route=\/wp\/v2\/types\/post"}],"author":[{"embeddable":true,"href":"https:\/\/www.comitenervo.fr\/index.php?rest_route=\/wp\/v2\/users\/2"}],"replies":[{"embeddable":true,"href":"https:\/\/www.comitenervo.fr\/index.php?rest_route=%2Fwp%2Fv2%2Fcomments&post=5838"}],"version-history":[{"count":1,"href":"https:\/\/www.comitenervo.fr\/index.php?rest_route=\/wp\/v2\/posts\/5838\/revisions"}],"predecessor-version":[{"id":5843,"href":"https:\/\/www.comitenervo.fr\/index.php?rest_route=\/wp\/v2\/posts\/5838\/revisions\/5843"}],"wp:attachment":[{"href":"https:\/\/www.comitenervo.fr\/index.php?rest_route=%2Fwp%2Fv2%2Fmedia&parent=5838"}],"wp:term":[{"taxonomy":"category","embeddable":true,"href":"https:\/\/www.comitenervo.fr\/index.php?rest_route=%2Fwp%2Fv2%2Fcategories&post=5838"},{"taxonomy":"post_tag","embeddable":true,"href":"https:\/\/www.comitenervo.fr\/index.php?rest_route=%2Fwp%2Fv2%2Ftags&post=5838"}],"curies":[{"name":"wp","href":"https:\/\/api.w.org\/{rel}","templated":true}]}}