{"id":5815,"date":"2018-05-22T08:40:51","date_gmt":"2018-05-22T06:40:51","guid":{"rendered":"https:\/\/www.comitenervo.fr\/?p=5815"},"modified":"2018-10-28T12:30:12","modified_gmt":"2018-10-28T11:30:12","slug":"brocante","status":"publish","type":"post","link":"https:\/\/www.comitenervo.fr\/?p=5815","title":{"rendered":"BROCANTE."},"content":{"rendered":"<p>La brocante se d\u00e9roulera le dimanche 1er juillet dans les all\u00e9es Nervo,R\u00e9aumur,Jordan de la cit\u00e9 Nervo.<\/p>\n<p>Les inscriptions d\u00e9buteront \u00e0 partir du mercredi 23 mai au local.<\/p>\n<p><a href=\"https:\/\/www.comitenervo.fr\/wp-content\/uploads\/2018\/05\/brocanteimpr18.jpg\"><img loading=\"lazy\" decoding=\"async\" class=\"aligncenter size-medium wp-image-5816\" src=\"https:\/\/www.comitenervo.fr\/wp-content\/uploads\/2018\/05\/brocanteimpr18-300x214.jpg\" alt=\"\" height=\"214\" width=\"300\" srcset=\"https:\/\/www.comitenervo.fr\/wp-content\/uploads\/2018\/05\/brocanteimpr18-300x214.jpg 300w, https:\/\/www.comitenervo.fr\/wp-content\/uploads\/2018\/05\/brocanteimpr18-768x549.jpg 768w, https:\/\/www.comitenervo.fr\/wp-content\/uploads\/2018\/05\/brocanteimpr18-1024x731.jpg 1024w, https:\/\/www.comitenervo.fr\/wp-content\/uploads\/2018\/05\/brocanteimpr18-420x300.jpg 420w, https:\/\/www.comitenervo.fr\/wp-content\/uploads\/2018\/05\/brocanteimpr18.jpg 1120w\" sizes=\"auto, (max-width: 300px) 100vw, 300px\" \/><\/a><\/p>\n","protected":false},"excerpt":{"rendered":"<p>La brocante se d\u00e9roulera le dimanche 1er juillet dans les all\u00e9es Nervo,R\u00e9aumur,Jordan de la cit\u00e9 Nervo. Les inscriptions d\u00e9buteront \u00e0 partir du mercredi 23 mai au local.<\/p>\n","protected":false},"author":2,"featured_media":0,"comment_status":"open","ping_status":"open","sticky":false,"template":"","format":"standard","meta":{"_monsterinsights_skip_tracking":false,"_monsterinsights_sitenote_active":false,"_monsterinsights_sitenote_note":"","_monsterinsights_sitenote_category":0,"ngg_post_thumbnail":0,"footnotes":""},"categories":[9],"tags":[],"class_list":["post-5815","post","type-post","status-publish","format-standard","hentry","category-evenement"],"_links":{"self":[{"href":"https:\/\/www.comitenervo.fr\/index.php?rest_route=\/wp\/v2\/posts\/5815","targetHints":{"allow":["GET"]}}],"collection":[{"href":"https:\/\/www.comitenervo.fr\/index.php?rest_route=\/wp\/v2\/posts"}],"about":[{"href":"https:\/\/www.comitenervo.fr\/index.php?rest_route=\/wp\/v2\/types\/post"}],"author":[{"embeddable":true,"href":"https:\/\/www.comitenervo.fr\/index.php?rest_route=\/wp\/v2\/users\/2"}],"replies":[{"embeddable":true,"href":"https:\/\/www.comitenervo.fr\/index.php?rest_route=%2Fwp%2Fv2%2Fcomments&post=5815"}],"version-history":[{"count":1,"href":"https:\/\/www.comitenervo.fr\/index.php?rest_route=\/wp\/v2\/posts\/5815\/revisions"}],"predecessor-version":[{"id":5817,"href":"https:\/\/www.comitenervo.fr\/index.php?rest_route=\/wp\/v2\/posts\/5815\/revisions\/5817"}],"wp:attachment":[{"href":"https:\/\/www.comitenervo.fr\/index.php?rest_route=%2Fwp%2Fv2%2Fmedia&parent=5815"}],"wp:term":[{"taxonomy":"category","embeddable":true,"href":"https:\/\/www.comitenervo.fr\/index.php?rest_route=%2Fwp%2Fv2%2Fcategories&post=5815"},{"taxonomy":"post_tag","embeddable":true,"href":"https:\/\/www.comitenervo.fr\/index.php?rest_route=%2Fwp%2Fv2%2Ftags&post=5815"}],"curies":[{"name":"wp","href":"https:\/\/api.w.org\/{rel}","templated":true}]}}