{"id":5808,"date":"2018-05-22T08:15:04","date_gmt":"2018-05-22T06:15:04","guid":{"rendered":"https:\/\/www.comitenervo.fr\/?p=5808"},"modified":"2018-10-28T12:29:57","modified_gmt":"2018-10-28T11:29:57","slug":"fete-des-voisins-4","status":"publish","type":"post","link":"https:\/\/www.comitenervo.fr\/?p=5808","title":{"rendered":"F\u00caTE DES VOISINS."},"content":{"rendered":"<p>La f\u00eate des voisins 2018 se d\u00e9roulera ce samedi 26 mai au niveau du local associatif,21 all\u00e9e et cit\u00e9 Nervo.<\/p>\n<p>Venez nombreux, jeu gonflable, barbecues, sono vous sont propos\u00e9s.<a href=\"https:\/\/www.comitenervo.fr\/wp-content\/uploads\/2018\/05\/voisins18.jpg\"><img loading=\"lazy\" decoding=\"async\" class=\"aligncenter size-medium wp-image-5809\" src=\"https:\/\/www.comitenervo.fr\/wp-content\/uploads\/2018\/05\/voisins18-200x300.jpg\" alt=\"\" height=\"300\" width=\"200\" srcset=\"https:\/\/www.comitenervo.fr\/wp-content\/uploads\/2018\/05\/voisins18-200x300.jpg 200w, https:\/\/www.comitenervo.fr\/wp-content\/uploads\/2018\/05\/voisins18-683x1024.jpg 683w, https:\/\/www.comitenervo.fr\/wp-content\/uploads\/2018\/05\/voisins18.jpg 736w\" sizes=\"auto, (max-width: 200px) 100vw, 200px\" \/><\/a><\/p>\n","protected":false},"excerpt":{"rendered":"<p>La f\u00eate des voisins 2018 se d\u00e9roulera ce samedi 26 mai au niveau du local associatif,21 all\u00e9e et cit\u00e9 Nervo. Venez nombreux, jeu gonflable, barbecues, sono vous sont propos\u00e9s.<\/p>\n","protected":false},"author":2,"featured_media":0,"comment_status":"open","ping_status":"open","sticky":false,"template":"","format":"standard","meta":{"_monsterinsights_skip_tracking":false,"_monsterinsights_sitenote_active":false,"_monsterinsights_sitenote_note":"","_monsterinsights_sitenote_category":0,"ngg_post_thumbnail":0,"footnotes":""},"categories":[9],"tags":[],"class_list":["post-5808","post","type-post","status-publish","format-standard","hentry","category-evenement"],"_links":{"self":[{"href":"https:\/\/www.comitenervo.fr\/index.php?rest_route=\/wp\/v2\/posts\/5808","targetHints":{"allow":["GET"]}}],"collection":[{"href":"https:\/\/www.comitenervo.fr\/index.php?rest_route=\/wp\/v2\/posts"}],"about":[{"href":"https:\/\/www.comitenervo.fr\/index.php?rest_route=\/wp\/v2\/types\/post"}],"author":[{"embeddable":true,"href":"https:\/\/www.comitenervo.fr\/index.php?rest_route=\/wp\/v2\/users\/2"}],"replies":[{"embeddable":true,"href":"https:\/\/www.comitenervo.fr\/index.php?rest_route=%2Fwp%2Fv2%2Fcomments&post=5808"}],"version-history":[{"count":1,"href":"https:\/\/www.comitenervo.fr\/index.php?rest_route=\/wp\/v2\/posts\/5808\/revisions"}],"predecessor-version":[{"id":5810,"href":"https:\/\/www.comitenervo.fr\/index.php?rest_route=\/wp\/v2\/posts\/5808\/revisions\/5810"}],"wp:attachment":[{"href":"https:\/\/www.comitenervo.fr\/index.php?rest_route=%2Fwp%2Fv2%2Fmedia&parent=5808"}],"wp:term":[{"taxonomy":"category","embeddable":true,"href":"https:\/\/www.comitenervo.fr\/index.php?rest_route=%2Fwp%2Fv2%2Fcategories&post=5808"},{"taxonomy":"post_tag","embeddable":true,"href":"https:\/\/www.comitenervo.fr\/index.php?rest_route=%2Fwp%2Fv2%2Ftags&post=5808"}],"curies":[{"name":"wp","href":"https:\/\/api.w.org\/{rel}","templated":true}]}}