{"id":5404,"date":"2018-02-21T21:50:15","date_gmt":"2018-02-21T20:50:15","guid":{"rendered":"https:\/\/www.comitenervo.fr\/?p=5404"},"modified":"2018-10-28T12:29:24","modified_gmt":"2018-10-28T11:29:24","slug":"repas-du-comite-5","status":"publish","type":"post","link":"https:\/\/www.comitenervo.fr\/?p=5404","title":{"rendered":"REPAS DU COMITE."},"content":{"rendered":"<p>Le traditionnel repas du comit\u00e9 aura lieu cette ann\u00e9e le dimanche 8 avril 2018 \u00e0 la salle de la Jeunesse \u00e0 Escaudain \u00e0 partir de 12h30.<\/p>\n<p>Ce repas sera anim\u00e9 par Pascal, animateur bien connu et appr\u00e9ci\u00e9 dans le denaisis.<\/p>\n<div id=\"attachment_5405\" style=\"width: 229px\" class=\"wp-caption aligncenter\"><a href=\"https:\/\/www.comitenervo.fr\/wp-content\/uploads\/2018\/02\/affiche-repascan.jpg\"><img loading=\"lazy\" decoding=\"async\" aria-describedby=\"caption-attachment-5405\" class=\"size-medium wp-image-5405\" src=\"https:\/\/www.comitenervo.fr\/wp-content\/uploads\/2018\/02\/affiche-repascan-219x300.jpg\" alt=\"\" height=\"300\" width=\"219\" srcset=\"https:\/\/www.comitenervo.fr\/wp-content\/uploads\/2018\/02\/affiche-repascan-219x300.jpg 219w, https:\/\/www.comitenervo.fr\/wp-content\/uploads\/2018\/02\/affiche-repascan-768x1054.jpg 768w, https:\/\/www.comitenervo.fr\/wp-content\/uploads\/2018\/02\/affiche-repascan-746x1024.jpg 746w, https:\/\/www.comitenervo.fr\/wp-content\/uploads\/2018\/02\/affiche-repascan-109x150.jpg 109w, https:\/\/www.comitenervo.fr\/wp-content\/uploads\/2018\/02\/affiche-repascan-400x549.jpg 400w, https:\/\/www.comitenervo.fr\/wp-content\/uploads\/2018\/02\/affiche-repascan.jpg 816w\" sizes=\"auto, (max-width: 219px) 100vw, 219px\" \/><\/a><p id=\"caption-attachment-5405\" class=\"wp-caption-text\">Repas du comit\u00e9.<\/p><\/div>\n","protected":false},"excerpt":{"rendered":"<p>Le traditionnel repas du comit\u00e9 aura lieu cette ann\u00e9e le dimanche 8 avril 2018 \u00e0 la salle de la Jeunesse \u00e0 Escaudain \u00e0 partir de 12h30. Ce repas sera anim\u00e9 par Pascal, animateur bien connu et appr\u00e9ci\u00e9 dans le denaisis.<\/p>\n","protected":false},"author":2,"featured_media":0,"comment_status":"open","ping_status":"open","sticky":false,"template":"","format":"standard","meta":{"_monsterinsights_skip_tracking":false,"_monsterinsights_sitenote_active":false,"_monsterinsights_sitenote_note":"","_monsterinsights_sitenote_category":0,"ngg_post_thumbnail":0,"footnotes":""},"categories":[9],"tags":[],"class_list":["post-5404","post","type-post","status-publish","format-standard","hentry","category-evenement"],"_links":{"self":[{"href":"https:\/\/www.comitenervo.fr\/index.php?rest_route=\/wp\/v2\/posts\/5404","targetHints":{"allow":["GET"]}}],"collection":[{"href":"https:\/\/www.comitenervo.fr\/index.php?rest_route=\/wp\/v2\/posts"}],"about":[{"href":"https:\/\/www.comitenervo.fr\/index.php?rest_route=\/wp\/v2\/types\/post"}],"author":[{"embeddable":true,"href":"https:\/\/www.comitenervo.fr\/index.php?rest_route=\/wp\/v2\/users\/2"}],"replies":[{"embeddable":true,"href":"https:\/\/www.comitenervo.fr\/index.php?rest_route=%2Fwp%2Fv2%2Fcomments&post=5404"}],"version-history":[{"count":1,"href":"https:\/\/www.comitenervo.fr\/index.php?rest_route=\/wp\/v2\/posts\/5404\/revisions"}],"predecessor-version":[{"id":5406,"href":"https:\/\/www.comitenervo.fr\/index.php?rest_route=\/wp\/v2\/posts\/5404\/revisions\/5406"}],"wp:attachment":[{"href":"https:\/\/www.comitenervo.fr\/index.php?rest_route=%2Fwp%2Fv2%2Fmedia&parent=5404"}],"wp:term":[{"taxonomy":"category","embeddable":true,"href":"https:\/\/www.comitenervo.fr\/index.php?rest_route=%2Fwp%2Fv2%2Fcategories&post=5404"},{"taxonomy":"post_tag","embeddable":true,"href":"https:\/\/www.comitenervo.fr\/index.php?rest_route=%2Fwp%2Fv2%2Ftags&post=5404"}],"curies":[{"name":"wp","href":"https:\/\/api.w.org\/{rel}","templated":true}]}}