{"id":5079,"date":"2017-11-26T09:39:36","date_gmt":"2017-11-26T08:39:36","guid":{"rendered":"https:\/\/www.comitenervo.fr\/?p=5079"},"modified":"2018-10-28T12:28:24","modified_gmt":"2018-10-28T11:28:24","slug":"fete-des-aines-4","status":"publish","type":"post","link":"https:\/\/www.comitenervo.fr\/?p=5079","title":{"rendered":"F\u00caTE DES A\u00ceN\u00c9S."},"content":{"rendered":"<p>Cela devient une habitude de relater le succ\u00e8s de la traditionnelle f\u00eate des a\u00een\u00e9s.<\/p>\n<p>Beaucoup de monde (les habitu\u00e9s escaudinois), l&rsquo;orchestre des Wizards, une organisation bien huil\u00e9e, enfin tout pour r\u00e9ussir.<\/p>\n<p>A l&rsquo;ann\u00e9e prochaine .<\/p>\n<div id=\"attachment_5080\" style=\"width: 160px\" class=\"wp-caption alignleft\"><a href=\"https:\/\/www.comitenervo.fr\/wp-content\/uploads\/2017\/11\/salle.jpg\"><img loading=\"lazy\" decoding=\"async\" aria-describedby=\"caption-attachment-5080\" class=\"size-thumbnail wp-image-5080\" src=\"https:\/\/www.comitenervo.fr\/wp-content\/uploads\/2017\/11\/salle-150x150.jpg\" alt=\"\" height=\"150\" width=\"150\"><\/a><p id=\"caption-attachment-5080\" class=\"wp-caption-text\">Les habitu\u00e9s.<\/p><\/div>\n<p><a href=\"https:\/\/www.comitenervo.fr\/wp-content\/uploads\/2017\/11\/danseurs.jpg\"><img loading=\"lazy\" decoding=\"async\" class=\"aligncenter size-thumbnail wp-image-5081\" src=\"https:\/\/www.comitenervo.fr\/wp-content\/uploads\/2017\/11\/danseurs-150x150.jpg\" alt=\"\" height=\"150\" width=\"150\"><\/a><\/p>\n<div id=\"attachment_5082\" style=\"width: 160px\" class=\"wp-caption alignright\"><a href=\"https:\/\/www.comitenervo.fr\/wp-content\/uploads\/2017\/11\/titine.jpg\"><img loading=\"lazy\" decoding=\"async\" aria-describedby=\"caption-attachment-5082\" class=\"size-thumbnail wp-image-5082\" src=\"https:\/\/www.comitenervo.fr\/wp-content\/uploads\/2017\/11\/titine-150x150.jpg\" alt=\"\" height=\"150\" width=\"150\"><\/a><p id=\"caption-attachment-5082\" class=\"wp-caption-text\">Ya personne qui m&rsquo;invite !!!<\/p><\/div>\n<p><a href=\"https:\/\/www.comitenervo.fr\/wp-content\/uploads\/2017\/11\/danseurs.jpg\"><\/a><\/p>\n","protected":false},"excerpt":{"rendered":"<p>Cela devient une habitude de relater le succ\u00e8s de la traditionnelle f\u00eate des a\u00een\u00e9s. Beaucoup de monde (les habitu\u00e9s escaudinois), l&rsquo;orchestre des Wizards, une organisation bien huil\u00e9e, enfin tout pour r\u00e9ussir. A l&rsquo;ann\u00e9e prochaine .<\/p>\n","protected":false},"author":2,"featured_media":0,"comment_status":"open","ping_status":"open","sticky":false,"template":"","format":"standard","meta":{"_monsterinsights_skip_tracking":false,"_monsterinsights_sitenote_active":false,"_monsterinsights_sitenote_note":"","_monsterinsights_sitenote_category":0,"ngg_post_thumbnail":0,"footnotes":""},"categories":[7,9],"tags":[],"class_list":["post-5079","post","type-post","status-publish","format-standard","hentry","category-anciens-de-la-cite","category-evenement"],"_links":{"self":[{"href":"https:\/\/www.comitenervo.fr\/index.php?rest_route=\/wp\/v2\/posts\/5079","targetHints":{"allow":["GET"]}}],"collection":[{"href":"https:\/\/www.comitenervo.fr\/index.php?rest_route=\/wp\/v2\/posts"}],"about":[{"href":"https:\/\/www.comitenervo.fr\/index.php?rest_route=\/wp\/v2\/types\/post"}],"author":[{"embeddable":true,"href":"https:\/\/www.comitenervo.fr\/index.php?rest_route=\/wp\/v2\/users\/2"}],"replies":[{"embeddable":true,"href":"https:\/\/www.comitenervo.fr\/index.php?rest_route=%2Fwp%2Fv2%2Fcomments&post=5079"}],"version-history":[{"count":1,"href":"https:\/\/www.comitenervo.fr\/index.php?rest_route=\/wp\/v2\/posts\/5079\/revisions"}],"predecessor-version":[{"id":5083,"href":"https:\/\/www.comitenervo.fr\/index.php?rest_route=\/wp\/v2\/posts\/5079\/revisions\/5083"}],"wp:attachment":[{"href":"https:\/\/www.comitenervo.fr\/index.php?rest_route=%2Fwp%2Fv2%2Fmedia&parent=5079"}],"wp:term":[{"taxonomy":"category","embeddable":true,"href":"https:\/\/www.comitenervo.fr\/index.php?rest_route=%2Fwp%2Fv2%2Fcategories&post=5079"},{"taxonomy":"post_tag","embeddable":true,"href":"https:\/\/www.comitenervo.fr\/index.php?rest_route=%2Fwp%2Fv2%2Ftags&post=5079"}],"curies":[{"name":"wp","href":"https:\/\/api.w.org\/{rel}","templated":true}]}}