{"id":5069,"date":"2017-11-12T21:46:45","date_gmt":"2017-11-12T20:46:45","guid":{"rendered":"https:\/\/www.comitenervo.fr\/?p=5069"},"modified":"2018-10-28T12:28:13","modified_gmt":"2018-10-28T11:28:13","slug":"excursion-au-marche-de-noel-de-bruxelles","status":"publish","type":"post","link":"https:\/\/www.comitenervo.fr\/?p=5069","title":{"rendered":"EXCURSION AU MARCHE DE NO\u00cbL DE BRUXELLES."},"content":{"rendered":"<p>Une excursion au march\u00e9 de no\u00ebl de Bruxelles est programm\u00e9e le samedi 9 d\u00e9cembre 2017.<\/p>\n<p>D\u00e9part \u00e0 8h00 du local et retour&nbsp; vers 20h00 \u00e0 Escaudain.<\/p>\n<p>A noter la&nbsp; visite d&rsquo;une chocolaterie le matin .<a href=\"https:\/\/www.comitenervo.fr\/wp-content\/uploads\/2017\/11\/BRUXELLES-AFFICHE2.jpg\"><img loading=\"lazy\" decoding=\"async\" class=\"aligncenter size-medium wp-image-5071\" src=\"https:\/\/www.comitenervo.fr\/wp-content\/uploads\/2017\/11\/BRUXELLES-AFFICHE2-206x300.jpg\" alt=\"\" height=\"300\" width=\"206\" srcset=\"https:\/\/www.comitenervo.fr\/wp-content\/uploads\/2017\/11\/BRUXELLES-AFFICHE2-206x300.jpg 206w, https:\/\/www.comitenervo.fr\/wp-content\/uploads\/2017\/11\/BRUXELLES-AFFICHE2.jpg 768w, https:\/\/www.comitenervo.fr\/wp-content\/uploads\/2017\/11\/BRUXELLES-AFFICHE2-702x1024.jpg 702w, https:\/\/www.comitenervo.fr\/wp-content\/uploads\/2017\/11\/BRUXELLES-AFFICHE2-103x150.jpg 103w, https:\/\/www.comitenervo.fr\/wp-content\/uploads\/2017\/11\/BRUXELLES-AFFICHE2-400x583.jpg 400w\" sizes=\"auto, (max-width: 206px) 100vw, 206px\" \/><\/a><\/p>\n","protected":false},"excerpt":{"rendered":"<p>Une excursion au march\u00e9 de no\u00ebl de Bruxelles est programm\u00e9e le samedi 9 d\u00e9cembre 2017. D\u00e9part \u00e0 8h00 du local et retour&nbsp; vers 20h00 \u00e0 Escaudain. A noter la&nbsp; visite d&rsquo;une chocolaterie le matin .<\/p>\n","protected":false},"author":2,"featured_media":0,"comment_status":"open","ping_status":"open","sticky":false,"template":"","format":"standard","meta":{"_monsterinsights_skip_tracking":false,"_monsterinsights_sitenote_active":false,"_monsterinsights_sitenote_note":"","_monsterinsights_sitenote_category":0,"ngg_post_thumbnail":0,"footnotes":""},"categories":[9,8],"tags":[],"class_list":["post-5069","post","type-post","status-publish","format-standard","hentry","category-evenement","category-voyage"],"_links":{"self":[{"href":"https:\/\/www.comitenervo.fr\/index.php?rest_route=\/wp\/v2\/posts\/5069","targetHints":{"allow":["GET"]}}],"collection":[{"href":"https:\/\/www.comitenervo.fr\/index.php?rest_route=\/wp\/v2\/posts"}],"about":[{"href":"https:\/\/www.comitenervo.fr\/index.php?rest_route=\/wp\/v2\/types\/post"}],"author":[{"embeddable":true,"href":"https:\/\/www.comitenervo.fr\/index.php?rest_route=\/wp\/v2\/users\/2"}],"replies":[{"embeddable":true,"href":"https:\/\/www.comitenervo.fr\/index.php?rest_route=%2Fwp%2Fv2%2Fcomments&post=5069"}],"version-history":[{"count":1,"href":"https:\/\/www.comitenervo.fr\/index.php?rest_route=\/wp\/v2\/posts\/5069\/revisions"}],"predecessor-version":[{"id":5072,"href":"https:\/\/www.comitenervo.fr\/index.php?rest_route=\/wp\/v2\/posts\/5069\/revisions\/5072"}],"wp:attachment":[{"href":"https:\/\/www.comitenervo.fr\/index.php?rest_route=%2Fwp%2Fv2%2Fmedia&parent=5069"}],"wp:term":[{"taxonomy":"category","embeddable":true,"href":"https:\/\/www.comitenervo.fr\/index.php?rest_route=%2Fwp%2Fv2%2Fcategories&post=5069"},{"taxonomy":"post_tag","embeddable":true,"href":"https:\/\/www.comitenervo.fr\/index.php?rest_route=%2Fwp%2Fv2%2Ftags&post=5069"}],"curies":[{"name":"wp","href":"https:\/\/api.w.org\/{rel}","templated":true}]}}