{"id":5043,"date":"2017-10-01T19:10:09","date_gmt":"2017-10-01T17:10:09","guid":{"rendered":"https:\/\/www.comitenervo.fr\/?p=5043"},"modified":"2018-10-28T12:27:35","modified_gmt":"2018-10-28T11:27:35","slug":"informatique-la-reprise","status":"publish","type":"post","link":"https:\/\/www.comitenervo.fr\/?p=5043","title":{"rendered":"INFORMATIQUE: LA REPRISE."},"content":{"rendered":"<p>C&rsquo;est la reprise \u00e9galement pour les cours d&rsquo;informatique qui reprendront&nbsp; le samedi 14 novembre 2017 \u00e0 10h00 au local associatif.<\/p>\n<p><a href=\"https:\/\/www.comitenervo.fr\/wp-content\/uploads\/2017\/10\/AINES17site-1.jpg\"><img loading=\"lazy\" decoding=\"async\" class=\"aligncenter size-medium wp-image-5046\" src=\"https:\/\/www.comitenervo.fr\/wp-content\/uploads\/2017\/10\/AINES17site-1-300x216.jpg\" alt=\"\" height=\"216\" width=\"300\" srcset=\"https:\/\/www.comitenervo.fr\/wp-content\/uploads\/2017\/10\/AINES17site-1-300x216.jpg 300w, https:\/\/www.comitenervo.fr\/wp-content\/uploads\/2017\/10\/AINES17site-1-768x553.jpg 768w, https:\/\/www.comitenervo.fr\/wp-content\/uploads\/2017\/10\/AINES17site-1-150x108.jpg 150w, https:\/\/www.comitenervo.fr\/wp-content\/uploads\/2017\/10\/AINES17site-1-400x288.jpg 400w, https:\/\/www.comitenervo.fr\/wp-content\/uploads\/2017\/10\/AINES17site-1.jpg 800w\" sizes=\"auto, (max-width: 300px) 100vw, 300px\" \/><\/a>Vous \u00eates tous cordialement invit\u00e9s.<\/p>\n","protected":false},"excerpt":{"rendered":"<p>C&rsquo;est la reprise \u00e9galement pour les cours d&rsquo;informatique qui reprendront&nbsp; le samedi 14 novembre 2017 \u00e0 10h00 au local associatif. Vous \u00eates tous cordialement invit\u00e9s.<\/p>\n","protected":false},"author":2,"featured_media":0,"comment_status":"open","ping_status":"open","sticky":false,"template":"","format":"standard","meta":{"_monsterinsights_skip_tracking":false,"_monsterinsights_sitenote_active":false,"_monsterinsights_sitenote_note":"","_monsterinsights_sitenote_category":0,"ngg_post_thumbnail":0,"footnotes":""},"categories":[9],"tags":[],"class_list":["post-5043","post","type-post","status-publish","format-standard","hentry","category-evenement"],"_links":{"self":[{"href":"https:\/\/www.comitenervo.fr\/index.php?rest_route=\/wp\/v2\/posts\/5043","targetHints":{"allow":["GET"]}}],"collection":[{"href":"https:\/\/www.comitenervo.fr\/index.php?rest_route=\/wp\/v2\/posts"}],"about":[{"href":"https:\/\/www.comitenervo.fr\/index.php?rest_route=\/wp\/v2\/types\/post"}],"author":[{"embeddable":true,"href":"https:\/\/www.comitenervo.fr\/index.php?rest_route=\/wp\/v2\/users\/2"}],"replies":[{"embeddable":true,"href":"https:\/\/www.comitenervo.fr\/index.php?rest_route=%2Fwp%2Fv2%2Fcomments&post=5043"}],"version-history":[{"count":2,"href":"https:\/\/www.comitenervo.fr\/index.php?rest_route=\/wp\/v2\/posts\/5043\/revisions"}],"predecessor-version":[{"id":5047,"href":"https:\/\/www.comitenervo.fr\/index.php?rest_route=\/wp\/v2\/posts\/5043\/revisions\/5047"}],"wp:attachment":[{"href":"https:\/\/www.comitenervo.fr\/index.php?rest_route=%2Fwp%2Fv2%2Fmedia&parent=5043"}],"wp:term":[{"taxonomy":"category","embeddable":true,"href":"https:\/\/www.comitenervo.fr\/index.php?rest_route=%2Fwp%2Fv2%2Fcategories&post=5043"},{"taxonomy":"post_tag","embeddable":true,"href":"https:\/\/www.comitenervo.fr\/index.php?rest_route=%2Fwp%2Fv2%2Ftags&post=5043"}],"curies":[{"name":"wp","href":"https:\/\/api.w.org\/{rel}","templated":true}]}}