{"id":5037,"date":"2017-09-29T10:23:30","date_gmt":"2017-09-29T08:23:30","guid":{"rendered":"https:\/\/www.comitenervo.fr\/?p=5037"},"modified":"2018-10-28T12:27:29","modified_gmt":"2018-10-28T11:27:29","slug":"the-dansant-des-aines","status":"publish","type":"post","link":"https:\/\/www.comitenervo.fr\/?p=5037","title":{"rendered":"TH\u00c9 DANSANT DES A\u00ceN\u00c9S."},"content":{"rendered":"<p>La f\u00eate des a\u00een\u00e9s , anim\u00e9e par Salvatore et ses Wizards, aura lieu le mercredi 22 novembre \u00e0 la salle de la Jeunesse \u00e0 Escaudain de 15h00 \u00e0 19h00.<\/p>\n<p>Pour les personnes int\u00e9ress\u00e9es , merci de d\u00e9poser le bulletin d&rsquo;inscription au local avec le r\u00e8glement<a href=\"https:\/\/www.comitenervo.fr\/wp-content\/uploads\/2017\/09\/affiche-ain\u00e9s17.jpg\"><img loading=\"lazy\" decoding=\"async\" class=\"alignleft size-medium wp-image-5038\" src=\"https:\/\/www.comitenervo.fr\/wp-content\/uploads\/2017\/09\/affiche-ain\u00e9s17-215x300.jpg\" alt=\"\" height=\"300\" width=\"215\" srcset=\"https:\/\/www.comitenervo.fr\/wp-content\/uploads\/2017\/09\/affiche-ain\u00e9s17-215x300.jpg 215w, https:\/\/www.comitenervo.fr\/wp-content\/uploads\/2017\/09\/affiche-ain\u00e9s17-768x1069.jpg 768w, https:\/\/www.comitenervo.fr\/wp-content\/uploads\/2017\/09\/affiche-ain\u00e9s17-736x1024.jpg 736w, https:\/\/www.comitenervo.fr\/wp-content\/uploads\/2017\/09\/affiche-ain\u00e9s17-108x150.jpg 108w, https:\/\/www.comitenervo.fr\/wp-content\/uploads\/2017\/09\/affiche-ain\u00e9s17-400x557.jpg 400w, https:\/\/www.comitenervo.fr\/wp-content\/uploads\/2017\/09\/affiche-ain\u00e9s17.jpg 816w\" sizes=\"auto, (max-width: 215px) 100vw, 215px\" \/><\/a>.<a href=\"https:\/\/www.comitenervo.fr\/wp-content\/uploads\/2017\/09\/AINES17.jpg\"><img loading=\"lazy\" decoding=\"async\" class=\"alignright size-medium wp-image-5039\" src=\"https:\/\/www.comitenervo.fr\/wp-content\/uploads\/2017\/09\/AINES17-211x300.jpg\" alt=\"\" height=\"300\" width=\"211\" srcset=\"https:\/\/www.comitenervo.fr\/wp-content\/uploads\/2017\/09\/AINES17-211x300.jpg 211w, https:\/\/www.comitenervo.fr\/wp-content\/uploads\/2017\/09\/AINES17-768x1091.jpg 768w, https:\/\/www.comitenervo.fr\/wp-content\/uploads\/2017\/09\/AINES17-721x1024.jpg 721w, https:\/\/www.comitenervo.fr\/wp-content\/uploads\/2017\/09\/AINES17-106x150.jpg 106w, https:\/\/www.comitenervo.fr\/wp-content\/uploads\/2017\/09\/AINES17-400x568.jpg 400w, https:\/\/www.comitenervo.fr\/wp-content\/uploads\/2017\/09\/AINES17.jpg 800w\" sizes=\"auto, (max-width: 211px) 100vw, 211px\" \/><\/a><\/p>\n","protected":false},"excerpt":{"rendered":"<p>La f\u00eate des a\u00een\u00e9s , anim\u00e9e par Salvatore et ses Wizards, aura lieu le mercredi 22 novembre \u00e0 la salle de la Jeunesse \u00e0 Escaudain de 15h00 \u00e0 19h00. Pour les personnes int\u00e9ress\u00e9es , merci de d\u00e9poser le bulletin d&rsquo;inscription &hellip; <a href=\"https:\/\/www.comitenervo.fr\/?p=5037\">Continuer la lecture <span class=\"meta-nav\">&rarr;<\/span><\/a><\/p>\n","protected":false},"author":2,"featured_media":0,"comment_status":"open","ping_status":"open","sticky":false,"template":"","format":"standard","meta":{"_monsterinsights_skip_tracking":false,"_monsterinsights_sitenote_active":false,"_monsterinsights_sitenote_note":"","_monsterinsights_sitenote_category":0,"ngg_post_thumbnail":0,"footnotes":""},"categories":[9],"tags":[],"class_list":["post-5037","post","type-post","status-publish","format-standard","hentry","category-evenement"],"_links":{"self":[{"href":"https:\/\/www.comitenervo.fr\/index.php?rest_route=\/wp\/v2\/posts\/5037","targetHints":{"allow":["GET"]}}],"collection":[{"href":"https:\/\/www.comitenervo.fr\/index.php?rest_route=\/wp\/v2\/posts"}],"about":[{"href":"https:\/\/www.comitenervo.fr\/index.php?rest_route=\/wp\/v2\/types\/post"}],"author":[{"embeddable":true,"href":"https:\/\/www.comitenervo.fr\/index.php?rest_route=\/wp\/v2\/users\/2"}],"replies":[{"embeddable":true,"href":"https:\/\/www.comitenervo.fr\/index.php?rest_route=%2Fwp%2Fv2%2Fcomments&post=5037"}],"version-history":[{"count":1,"href":"https:\/\/www.comitenervo.fr\/index.php?rest_route=\/wp\/v2\/posts\/5037\/revisions"}],"predecessor-version":[{"id":5040,"href":"https:\/\/www.comitenervo.fr\/index.php?rest_route=\/wp\/v2\/posts\/5037\/revisions\/5040"}],"wp:attachment":[{"href":"https:\/\/www.comitenervo.fr\/index.php?rest_route=%2Fwp%2Fv2%2Fmedia&parent=5037"}],"wp:term":[{"taxonomy":"category","embeddable":true,"href":"https:\/\/www.comitenervo.fr\/index.php?rest_route=%2Fwp%2Fv2%2Fcategories&post=5037"},{"taxonomy":"post_tag","embeddable":true,"href":"https:\/\/www.comitenervo.fr\/index.php?rest_route=%2Fwp%2Fv2%2Ftags&post=5037"}],"curies":[{"name":"wp","href":"https:\/\/api.w.org\/{rel}","templated":true}]}}