{"id":5025,"date":"2017-09-29T09:52:42","date_gmt":"2017-09-29T07:52:42","guid":{"rendered":"https:\/\/www.comitenervo.fr\/?p=5025"},"modified":"2018-10-28T12:27:16","modified_gmt":"2018-10-28T11:27:16","slug":"la-faim-programmee-dune-citrouille","status":"publish","type":"post","link":"https:\/\/www.comitenervo.fr\/?p=5025","title":{"rendered":"LA \u00ab\u00a0FAIM\u00a0\u00bb PROGRAMM\u00c9E D&rsquo;UNE CITROUILLE !!!!!!"},"content":{"rendered":"<p>Daniel Lefebvre, notre jardinier, l&rsquo;avait jug\u00e9e bonne pour le service.<\/p>\n<p>Christel, Ga\u00ebtane, Josiane, Christiane l&rsquo;ont travaill\u00e9e au corps .<\/p>\n<p>Elle a fini dans les assiettes des participants du repas de ce mercredi au local.<\/p>\n<p>D\u00e9licieuse notre citrouille.<\/p>\n<div id=\"attachment_5026\" style=\"width: 160px\" class=\"wp-caption alignleft\"><a href=\"https:\/\/www.comitenervo.fr\/wp-content\/uploads\/2017\/09\/P1030410.jpg\"><img loading=\"lazy\" decoding=\"async\" aria-describedby=\"caption-attachment-5026\" class=\"size-thumbnail wp-image-5026\" src=\"https:\/\/www.comitenervo.fr\/wp-content\/uploads\/2017\/09\/P1030410-150x150.jpg\" alt=\"\" height=\"150\" width=\"150\"><\/a><p id=\"caption-attachment-5026\" class=\"wp-caption-text\">Bonne pour le service.<\/p><\/div>\n<div id=\"attachment_5028\" style=\"width: 160px\" class=\"wp-caption aligncenter\"><a href=\"https:\/\/www.comitenervo.fr\/wp-content\/uploads\/2017\/09\/P1030412.jpg\"><img loading=\"lazy\" decoding=\"async\" aria-describedby=\"caption-attachment-5028\" class=\"size-thumbnail wp-image-5028\" src=\"https:\/\/www.comitenervo.fr\/wp-content\/uploads\/2017\/09\/P1030412-150x150.jpg\" alt=\"\" height=\"150\" width=\"150\"><\/a><p id=\"caption-attachment-5028\" class=\"wp-caption-text\">Lieu de l\u2019ex\u00e9cution.<\/p><\/div>\n<div id=\"attachment_5029\" style=\"width: 160px\" class=\"wp-caption alignright\"><a href=\"https:\/\/www.comitenervo.fr\/wp-content\/uploads\/2017\/09\/P1030414.jpg\"><img loading=\"lazy\" decoding=\"async\" aria-describedby=\"caption-attachment-5029\" class=\"size-thumbnail wp-image-5029\" src=\"https:\/\/www.comitenervo.fr\/wp-content\/uploads\/2017\/09\/P1030414-150x150.jpg\" alt=\"\" height=\"150\" width=\"150\"><\/a><p id=\"caption-attachment-5029\" class=\"wp-caption-text\">Christel en ex\u00e9cutrice,<\/p><\/div>\n","protected":false},"excerpt":{"rendered":"<p>Daniel Lefebvre, notre jardinier, l&rsquo;avait jug\u00e9e bonne pour le service. Christel, Ga\u00ebtane, Josiane, Christiane l&rsquo;ont travaill\u00e9e au corps . Elle a fini dans les assiettes des participants du repas de ce mercredi au local. D\u00e9licieuse notre citrouille.<\/p>\n","protected":false},"author":2,"featured_media":0,"comment_status":"open","ping_status":"open","sticky":false,"template":"","format":"standard","meta":{"_monsterinsights_skip_tracking":false,"_monsterinsights_sitenote_active":false,"_monsterinsights_sitenote_note":"","_monsterinsights_sitenote_category":0,"ngg_post_thumbnail":0,"footnotes":""},"categories":[10,6],"tags":[],"class_list":["post-5025","post","type-post","status-publish","format-standard","hentry","category-portrait","category-vie-de-la-cite"],"_links":{"self":[{"href":"https:\/\/www.comitenervo.fr\/index.php?rest_route=\/wp\/v2\/posts\/5025","targetHints":{"allow":["GET"]}}],"collection":[{"href":"https:\/\/www.comitenervo.fr\/index.php?rest_route=\/wp\/v2\/posts"}],"about":[{"href":"https:\/\/www.comitenervo.fr\/index.php?rest_route=\/wp\/v2\/types\/post"}],"author":[{"embeddable":true,"href":"https:\/\/www.comitenervo.fr\/index.php?rest_route=\/wp\/v2\/users\/2"}],"replies":[{"embeddable":true,"href":"https:\/\/www.comitenervo.fr\/index.php?rest_route=%2Fwp%2Fv2%2Fcomments&post=5025"}],"version-history":[{"count":1,"href":"https:\/\/www.comitenervo.fr\/index.php?rest_route=\/wp\/v2\/posts\/5025\/revisions"}],"predecessor-version":[{"id":5030,"href":"https:\/\/www.comitenervo.fr\/index.php?rest_route=\/wp\/v2\/posts\/5025\/revisions\/5030"}],"wp:attachment":[{"href":"https:\/\/www.comitenervo.fr\/index.php?rest_route=%2Fwp%2Fv2%2Fmedia&parent=5025"}],"wp:term":[{"taxonomy":"category","embeddable":true,"href":"https:\/\/www.comitenervo.fr\/index.php?rest_route=%2Fwp%2Fv2%2Fcategories&post=5025"},{"taxonomy":"post_tag","embeddable":true,"href":"https:\/\/www.comitenervo.fr\/index.php?rest_route=%2Fwp%2Fv2%2Ftags&post=5025"}],"curies":[{"name":"wp","href":"https:\/\/api.w.org\/{rel}","templated":true}]}}