{"id":4889,"date":"2017-08-11T21:05:08","date_gmt":"2017-08-11T19:05:08","guid":{"rendered":"https:\/\/www.comitenervo.fr\/?p=4889"},"modified":"2018-10-28T12:26:59","modified_gmt":"2018-10-28T11:26:59","slug":"stellale-touquet-avec-le-soleil","status":"publish","type":"post","link":"https:\/\/www.comitenervo.fr\/?p=4889","title":{"rendered":"STELLA\/LE TOUQUET AVEC LE SOLEIL."},"content":{"rendered":"<p>C&rsquo;est une premi\u00e8re: une excursion du comit\u00e9 sur la c\u00f4te sous le soleil !!!!!<\/p>\n<p>March\u00e9&nbsp; et moules-frites \u00e0 Stella le matin et promenade , avenue St-Jean au Touquet, l&rsquo;apr\u00e8s-midi.<\/p>\n<p>Vraiment une tr\u00e8s bonne journ\u00e9e, r\u00e9action unanime des participants.<\/p>\n<div id=\"attachment_4890\" style=\"width: 310px\" class=\"wp-caption alignleft\"><a href=\"https:\/\/www.comitenervo.fr\/wp-content\/uploads\/2017\/08\/P1030379.jpg\"><img loading=\"lazy\" decoding=\"async\" aria-describedby=\"caption-attachment-4890\" class=\"size-medium wp-image-4890\" src=\"https:\/\/www.comitenervo.fr\/wp-content\/uploads\/2017\/08\/P1030379-300x225.jpg\" alt=\"\" height=\"225\" width=\"300\" srcset=\"https:\/\/www.comitenervo.fr\/wp-content\/uploads\/2017\/08\/P1030379-300x225.jpg 300w, https:\/\/www.comitenervo.fr\/wp-content\/uploads\/2017\/08\/P1030379-768x576.jpg 768w, https:\/\/www.comitenervo.fr\/wp-content\/uploads\/2017\/08\/P1030379-1024x768.jpg 1024w, https:\/\/www.comitenervo.fr\/wp-content\/uploads\/2017\/08\/P1030379-150x113.jpg 150w, https:\/\/www.comitenervo.fr\/wp-content\/uploads\/2017\/08\/P1030379-400x300.jpg 400w\" sizes=\"auto, (max-width: 300px) 100vw, 300px\" \/><\/a><p id=\"caption-attachment-4890\" class=\"wp-caption-text\">Les participants.<\/p><\/div>\n<div id=\"attachment_4891\" style=\"width: 310px\" class=\"wp-caption alignright\"><a href=\"https:\/\/www.comitenervo.fr\/wp-content\/uploads\/2017\/08\/P1030377.jpg\"><img loading=\"lazy\" decoding=\"async\" aria-describedby=\"caption-attachment-4891\" class=\"size-medium wp-image-4891\" src=\"https:\/\/www.comitenervo.fr\/wp-content\/uploads\/2017\/08\/P1030377-300x225.jpg\" alt=\"\" height=\"225\" width=\"300\" srcset=\"https:\/\/www.comitenervo.fr\/wp-content\/uploads\/2017\/08\/P1030377-300x225.jpg 300w, https:\/\/www.comitenervo.fr\/wp-content\/uploads\/2017\/08\/P1030377-768x576.jpg 768w, https:\/\/www.comitenervo.fr\/wp-content\/uploads\/2017\/08\/P1030377-1024x768.jpg 1024w, https:\/\/www.comitenervo.fr\/wp-content\/uploads\/2017\/08\/P1030377-150x113.jpg 150w, https:\/\/www.comitenervo.fr\/wp-content\/uploads\/2017\/08\/P1030377-400x300.jpg 400w\" sizes=\"auto, (max-width: 300px) 100vw, 300px\" \/><\/a><p id=\"caption-attachment-4891\" class=\"wp-caption-text\">Au Touquet.<\/p><\/div>\n<p>&nbsp;<\/p>\n","protected":false},"excerpt":{"rendered":"<p>C&rsquo;est une premi\u00e8re: une excursion du comit\u00e9 sur la c\u00f4te sous le soleil !!!!! March\u00e9&nbsp; et moules-frites \u00e0 Stella le matin et promenade , avenue St-Jean au Touquet, l&rsquo;apr\u00e8s-midi. Vraiment une tr\u00e8s bonne journ\u00e9e, r\u00e9action unanime des participants. &nbsp;<\/p>\n","protected":false},"author":2,"featured_media":0,"comment_status":"open","ping_status":"open","sticky":false,"template":"","format":"standard","meta":{"_monsterinsights_skip_tracking":false,"_monsterinsights_sitenote_active":false,"_monsterinsights_sitenote_note":"","_monsterinsights_sitenote_category":0,"ngg_post_thumbnail":0,"footnotes":""},"categories":[9,8],"tags":[],"class_list":["post-4889","post","type-post","status-publish","format-standard","hentry","category-evenement","category-voyage"],"_links":{"self":[{"href":"https:\/\/www.comitenervo.fr\/index.php?rest_route=\/wp\/v2\/posts\/4889","targetHints":{"allow":["GET"]}}],"collection":[{"href":"https:\/\/www.comitenervo.fr\/index.php?rest_route=\/wp\/v2\/posts"}],"about":[{"href":"https:\/\/www.comitenervo.fr\/index.php?rest_route=\/wp\/v2\/types\/post"}],"author":[{"embeddable":true,"href":"https:\/\/www.comitenervo.fr\/index.php?rest_route=\/wp\/v2\/users\/2"}],"replies":[{"embeddable":true,"href":"https:\/\/www.comitenervo.fr\/index.php?rest_route=%2Fwp%2Fv2%2Fcomments&post=4889"}],"version-history":[{"count":1,"href":"https:\/\/www.comitenervo.fr\/index.php?rest_route=\/wp\/v2\/posts\/4889\/revisions"}],"predecessor-version":[{"id":4892,"href":"https:\/\/www.comitenervo.fr\/index.php?rest_route=\/wp\/v2\/posts\/4889\/revisions\/4892"}],"wp:attachment":[{"href":"https:\/\/www.comitenervo.fr\/index.php?rest_route=%2Fwp%2Fv2%2Fmedia&parent=4889"}],"wp:term":[{"taxonomy":"category","embeddable":true,"href":"https:\/\/www.comitenervo.fr\/index.php?rest_route=%2Fwp%2Fv2%2Fcategories&post=4889"},{"taxonomy":"post_tag","embeddable":true,"href":"https:\/\/www.comitenervo.fr\/index.php?rest_route=%2Fwp%2Fv2%2Ftags&post=4889"}],"curies":[{"name":"wp","href":"https:\/\/api.w.org\/{rel}","templated":true}]}}