{"id":4884,"date":"2017-07-29T22:16:05","date_gmt":"2017-07-29T20:16:05","guid":{"rendered":"https:\/\/www.comitenervo.fr\/?p=4884"},"modified":"2018-10-28T12:26:52","modified_gmt":"2018-10-28T11:26:52","slug":"partenariat-mediatheque-comite-nervo","status":"publish","type":"post","link":"https:\/\/www.comitenervo.fr\/?p=4884","title":{"rendered":"PARTENARIAT \u00ab\u00a0MEDIATHEQUE-COMITE NERVO\u00a0\u00bb"},"content":{"rendered":"<p>Une r\u00e9union s&rsquo;est d\u00e9roul\u00e9e derni\u00e8rement afin mettre en place&nbsp; un partenariat entre la \u00ab\u00a0m\u00e9diath\u00e8que\u00a0\u00bb d&rsquo;Escaudain .&nbsp;<\/p>\n<p>Mmes Guelle, D\u00e9jardin, Mr Gil&nbsp; responsable et animateurs&nbsp; de la m\u00e9diath\u00e8que; Daniel Wuilbeaux et Daniel Zaich pour&nbsp; le comit\u00e9 Nervo.et&nbsp; Mlle Lecoeuvre pour la municipalit\u00e9 participaient \u00e0 cette r\u00e9union.<\/p>\n<p>Ce partenariat permettrait de mettre \u00e0 disposition des habitants du quartier des revues, journaux, CD, DVD&nbsp; et ceci au local.<\/p>\n<p>Une autre r\u00e9union est pr\u00e9vue en septembre au local associatif avec les habitants ,&nbsp; pour&nbsp; pr\u00e9senter le fonctionnement de la m\u00e9diath\u00e8que et les possibilit\u00e9s offertes.<\/p>\n<div id=\"attachment_4885\" style=\"width: 310px\" class=\"wp-caption aligncenter\"><a href=\"https:\/\/www.comitenervo.fr\/wp-content\/uploads\/2017\/07\/P1030353.jpg\"><img loading=\"lazy\" decoding=\"async\" aria-describedby=\"caption-attachment-4885\" class=\"size-medium wp-image-4885\" src=\"https:\/\/www.comitenervo.fr\/wp-content\/uploads\/2017\/07\/P1030353-300x225.jpg\" alt=\"\" height=\"225\" width=\"300\" srcset=\"https:\/\/www.comitenervo.fr\/wp-content\/uploads\/2017\/07\/P1030353-300x225.jpg 300w, https:\/\/www.comitenervo.fr\/wp-content\/uploads\/2017\/07\/P1030353-768x576.jpg 768w, https:\/\/www.comitenervo.fr\/wp-content\/uploads\/2017\/07\/P1030353-1024x768.jpg 1024w, https:\/\/www.comitenervo.fr\/wp-content\/uploads\/2017\/07\/P1030353-150x113.jpg 150w, https:\/\/www.comitenervo.fr\/wp-content\/uploads\/2017\/07\/P1030353-400x300.jpg 400w\" sizes=\"auto, (max-width: 300px) 100vw, 300px\" \/><\/a><p id=\"caption-attachment-4885\" class=\"wp-caption-text\">Lors de la r\u00e9union.<\/p><\/div>\n","protected":false},"excerpt":{"rendered":"<p>Une r\u00e9union s&rsquo;est d\u00e9roul\u00e9e derni\u00e8rement afin mettre en place&nbsp; un partenariat entre la \u00ab\u00a0m\u00e9diath\u00e8que\u00a0\u00bb d&rsquo;Escaudain .&nbsp; Mmes Guelle, D\u00e9jardin, Mr Gil&nbsp; responsable et animateurs&nbsp; de la m\u00e9diath\u00e8que; Daniel Wuilbeaux et Daniel Zaich pour&nbsp; le comit\u00e9 Nervo.et&nbsp; Mlle Lecoeuvre pour la &hellip; <a href=\"https:\/\/www.comitenervo.fr\/?p=4884\">Continuer la lecture <span class=\"meta-nav\">&rarr;<\/span><\/a><\/p>\n","protected":false},"author":2,"featured_media":0,"comment_status":"open","ping_status":"open","sticky":false,"template":"","format":"standard","meta":{"_monsterinsights_skip_tracking":false,"_monsterinsights_sitenote_active":false,"_monsterinsights_sitenote_note":"","_monsterinsights_sitenote_category":0,"ngg_post_thumbnail":0,"footnotes":""},"categories":[6],"tags":[],"class_list":["post-4884","post","type-post","status-publish","format-standard","hentry","category-vie-de-la-cite"],"_links":{"self":[{"href":"https:\/\/www.comitenervo.fr\/index.php?rest_route=\/wp\/v2\/posts\/4884","targetHints":{"allow":["GET"]}}],"collection":[{"href":"https:\/\/www.comitenervo.fr\/index.php?rest_route=\/wp\/v2\/posts"}],"about":[{"href":"https:\/\/www.comitenervo.fr\/index.php?rest_route=\/wp\/v2\/types\/post"}],"author":[{"embeddable":true,"href":"https:\/\/www.comitenervo.fr\/index.php?rest_route=\/wp\/v2\/users\/2"}],"replies":[{"embeddable":true,"href":"https:\/\/www.comitenervo.fr\/index.php?rest_route=%2Fwp%2Fv2%2Fcomments&post=4884"}],"version-history":[{"count":2,"href":"https:\/\/www.comitenervo.fr\/index.php?rest_route=\/wp\/v2\/posts\/4884\/revisions"}],"predecessor-version":[{"id":4887,"href":"https:\/\/www.comitenervo.fr\/index.php?rest_route=\/wp\/v2\/posts\/4884\/revisions\/4887"}],"wp:attachment":[{"href":"https:\/\/www.comitenervo.fr\/index.php?rest_route=%2Fwp%2Fv2%2Fmedia&parent=4884"}],"wp:term":[{"taxonomy":"category","embeddable":true,"href":"https:\/\/www.comitenervo.fr\/index.php?rest_route=%2Fwp%2Fv2%2Fcategories&post=4884"},{"taxonomy":"post_tag","embeddable":true,"href":"https:\/\/www.comitenervo.fr\/index.php?rest_route=%2Fwp%2Fv2%2Ftags&post=4884"}],"curies":[{"name":"wp","href":"https:\/\/api.w.org\/{rel}","templated":true}]}}