{"id":4872,"date":"2017-07-19T20:02:29","date_gmt":"2017-07-19T18:02:29","guid":{"rendered":"https:\/\/www.comitenervo.fr\/?p=4872"},"modified":"2018-10-28T12:26:31","modified_gmt":"2018-10-28T11:26:31","slug":"famille-en-1955-a-la-cite-nervo","status":"publish","type":"post","link":"https:\/\/www.comitenervo.fr\/?p=4872","title":{"rendered":"FAMILLE EN 1955 A LA CITE NERVO"},"content":{"rendered":"<p>Ce sont des photos que nous a confi\u00e9es Josiane Laforge et qui datent de 1955.<\/p>\n<p>On peut voir ,sur la premi\u00e8re photo,un groupe d\u00a0\u00bb\u00e9l\u00e8ves de l&rsquo;\u00e9cole maternelle qui se trouvait rue Griffon.<\/p>\n<p>Sur la 2i\u00e8me et la 3i\u00e8me photo, la famille Nison qui habitait au 8, all\u00e9e Lavoisier.<\/p>\n<p>Josiane est la charmante petite fille sur le v\u00e9lo.<\/p>\n<div id=\"attachment_4873\" style=\"width: 160px\" class=\"wp-caption alignleft\"><a href=\"https:\/\/www.comitenervo.fr\/wp-content\/uploads\/2017\/07\/ijosiane-1ecole.jpg\"><img loading=\"lazy\" decoding=\"async\" aria-describedby=\"caption-attachment-4873\" class=\"size-thumbnail wp-image-4873\" src=\"https:\/\/www.comitenervo.fr\/wp-content\/uploads\/2017\/07\/ijosiane-1ecole-150x150.jpg\" alt=\"\" height=\"150\" width=\"150\"><\/a><p id=\"caption-attachment-4873\" class=\"wp-caption-text\">A l&rsquo;\u00e9cole maternelle.&nbsp;&nbsp;&nbsp;&nbsp;&nbsp;&nbsp;<\/p><\/div>\n<div id=\"attachment_4874\" style=\"width: 160px\" class=\"wp-caption aligncenter\"><a href=\"https:\/\/www.comitenervo.fr\/wp-content\/uploads\/2017\/07\/ijosiane-2lavoisier-v\u00e9lo.jpg\"><img loading=\"lazy\" decoding=\"async\" aria-describedby=\"caption-attachment-4874\" class=\"size-thumbnail wp-image-4874\" src=\"https:\/\/www.comitenervo.fr\/wp-content\/uploads\/2017\/07\/ijosiane-2lavoisier-v\u00e9lo-150x150.jpg\" alt=\"\" height=\"150\" width=\"150\"><\/a><p id=\"caption-attachment-4874\" class=\"wp-caption-text\">Josiane \u00e0 v\u00e9lo.&nbsp;&nbsp;&nbsp;&nbsp;&nbsp;&nbsp;&nbsp;&nbsp;&nbsp;&nbsp;&nbsp;&nbsp;&nbsp;&nbsp;&nbsp;&nbsp;&nbsp;&nbsp;&nbsp;&nbsp;&nbsp;&nbsp;&nbsp;&nbsp;&nbsp;<\/p><\/div>\n<div id=\"attachment_4875\" style=\"width: 160px\" class=\"wp-caption alignright\"><a href=\"https:\/\/www.comitenervo.fr\/wp-content\/uploads\/2017\/07\/ijosiane-3famille.jpg\"><img loading=\"lazy\" decoding=\"async\" aria-describedby=\"caption-attachment-4875\" class=\"size-thumbnail wp-image-4875\" src=\"https:\/\/www.comitenervo.fr\/wp-content\/uploads\/2017\/07\/ijosiane-3famille-150x150.jpg\" alt=\"\" height=\"150\" width=\"150\"><\/a><p id=\"caption-attachment-4875\" class=\"wp-caption-text\">Famille Nison.<\/p><\/div>\n","protected":false},"excerpt":{"rendered":"<p>Ce sont des photos que nous a confi\u00e9es Josiane Laforge et qui datent de 1955. On peut voir ,sur la premi\u00e8re photo,un groupe d\u00a0\u00bb\u00e9l\u00e8ves de l&rsquo;\u00e9cole maternelle qui se trouvait rue Griffon. Sur la 2i\u00e8me et la 3i\u00e8me photo, la &hellip; <a href=\"https:\/\/www.comitenervo.fr\/?p=4872\">Continuer la lecture <span class=\"meta-nav\">&rarr;<\/span><\/a><\/p>\n","protected":false},"author":2,"featured_media":0,"comment_status":"open","ping_status":"open","sticky":false,"template":"","format":"standard","meta":{"_monsterinsights_skip_tracking":false,"_monsterinsights_sitenote_active":false,"_monsterinsights_sitenote_note":"","_monsterinsights_sitenote_category":0,"ngg_post_thumbnail":0,"footnotes":""},"categories":[10,6],"tags":[],"class_list":["post-4872","post","type-post","status-publish","format-standard","hentry","category-portrait","category-vie-de-la-cite"],"_links":{"self":[{"href":"https:\/\/www.comitenervo.fr\/index.php?rest_route=\/wp\/v2\/posts\/4872","targetHints":{"allow":["GET"]}}],"collection":[{"href":"https:\/\/www.comitenervo.fr\/index.php?rest_route=\/wp\/v2\/posts"}],"about":[{"href":"https:\/\/www.comitenervo.fr\/index.php?rest_route=\/wp\/v2\/types\/post"}],"author":[{"embeddable":true,"href":"https:\/\/www.comitenervo.fr\/index.php?rest_route=\/wp\/v2\/users\/2"}],"replies":[{"embeddable":true,"href":"https:\/\/www.comitenervo.fr\/index.php?rest_route=%2Fwp%2Fv2%2Fcomments&post=4872"}],"version-history":[{"count":1,"href":"https:\/\/www.comitenervo.fr\/index.php?rest_route=\/wp\/v2\/posts\/4872\/revisions"}],"predecessor-version":[{"id":4876,"href":"https:\/\/www.comitenervo.fr\/index.php?rest_route=\/wp\/v2\/posts\/4872\/revisions\/4876"}],"wp:attachment":[{"href":"https:\/\/www.comitenervo.fr\/index.php?rest_route=%2Fwp%2Fv2%2Fmedia&parent=4872"}],"wp:term":[{"taxonomy":"category","embeddable":true,"href":"https:\/\/www.comitenervo.fr\/index.php?rest_route=%2Fwp%2Fv2%2Fcategories&post=4872"},{"taxonomy":"post_tag","embeddable":true,"href":"https:\/\/www.comitenervo.fr\/index.php?rest_route=%2Fwp%2Fv2%2Ftags&post=4872"}],"curies":[{"name":"wp","href":"https:\/\/api.w.org\/{rel}","templated":true}]}}