{"id":4736,"date":"2017-02-24T14:31:02","date_gmt":"2017-02-24T13:31:02","guid":{"rendered":"https:\/\/www.comitenervo.fr\/?p=4736"},"modified":"2018-10-28T12:22:54","modified_gmt":"2018-10-28T11:22:54","slug":"a-g-et-bilans","status":"publish","type":"post","link":"https:\/\/www.comitenervo.fr\/?p=4736","title":{"rendered":"A.G ET BILANS."},"content":{"rendered":"<p>L&rsquo;assembl\u00e9e du comit\u00e9 Nervo s&rsquo;est d\u00e9roul\u00e9e, ce samedi 11 f\u00e9vrier 2017, pour la premi\u00e8re fois dans \u00ab\u00a0notre\u00a0\u00bb local associatif en pr\u00e9sence de Mme Zawieja, conseill\u00e8re d\u00e9partementale, du maire&nbsp; Mr Bruno Saligot, de Mrs W\u00e9ry, Drelon, Benamara adjoints, Mr Sion conseiller d\u00e9l\u00e9gu\u00e9, de Mme Degr\u00e9s, secr\u00e9taire du FPH.<\/p>\n<p>Beaucoup de monde , comme l&rsquo;a soulign\u00e9 , le maire Bruno&nbsp; Saligot, qui a f\u00e9licit\u00e9 le comit\u00e9 pour son travail.<\/p>\n<p>Des bilans d&rsquo;activit\u00e9s, financiers complets et adopt\u00e9s \u00e0 l&rsquo;unanimit\u00e9.<\/p>\n<p>Enfin ,tout va bien !!!!!!!&nbsp;<\/p>\n<div id=\"attachment_4737\" style=\"width: 160px\" class=\"wp-caption alignleft\"><a href=\"https:\/\/www.comitenervo.fr\/wp-content\/uploads\/2017\/02\/P1030063.jpg\"><img loading=\"lazy\" decoding=\"async\" aria-describedby=\"caption-attachment-4737\" class=\"size-thumbnail wp-image-4737\" src=\"https:\/\/www.comitenervo.fr\/wp-content\/uploads\/2017\/02\/P1030063-150x150.jpg\" alt=\"Beaucoup de monde.\" height=\"150\" width=\"150\"><\/a><p id=\"caption-attachment-4737\" class=\"wp-caption-text\">Beaucoup de monde.<\/p><\/div>\n<div id=\"attachment_4738\" style=\"width: 160px\" class=\"wp-caption aligncenter\"><a href=\"https:\/\/www.comitenervo.fr\/wp-content\/uploads\/2017\/02\/P1030064.jpg\"><img loading=\"lazy\" decoding=\"async\" aria-describedby=\"caption-attachment-4738\" class=\"size-thumbnail wp-image-4738\" src=\"https:\/\/www.comitenervo.fr\/wp-content\/uploads\/2017\/02\/P1030064-150x150.jpg\" alt=\"\" height=\"150\" width=\"150\"><\/a><p id=\"caption-attachment-4738\" class=\"wp-caption-text\">Mme Zawieja.&nbsp;&nbsp;&nbsp;&nbsp;&nbsp;&nbsp;&nbsp; &nbsp; &nbsp; &nbsp;&nbsp; &nbsp;&nbsp;&nbsp;&nbsp;&nbsp; &nbsp; &nbsp; &nbsp; &nbsp; &nbsp; &nbsp; &nbsp; &nbsp; &nbsp;&nbsp; &nbsp;&nbsp;&nbsp;&nbsp;&nbsp;&nbsp;&nbsp;&nbsp;&nbsp;&nbsp;&nbsp;&nbsp;&nbsp;&nbsp;&nbsp;&nbsp;&nbsp;<\/p><\/div>\n<div id=\"attachment_4743\" style=\"width: 160px\" class=\"wp-caption alignright\"><a href=\"https:\/\/www.comitenervo.fr\/wp-content\/uploads\/2017\/02\/P1030078.jpg\"><img loading=\"lazy\" decoding=\"async\" aria-describedby=\"caption-attachment-4743\" class=\"size-thumbnail wp-image-4743\" src=\"https:\/\/www.comitenervo.fr\/wp-content\/uploads\/2017\/02\/P1030078-150x150.jpg\" alt=\"\" height=\"150\" width=\"150\"><\/a><p id=\"caption-attachment-4743\" class=\"wp-caption-text\">Mrs Saligot et Drelon.<\/p><\/div>\n","protected":false},"excerpt":{"rendered":"<p>L&rsquo;assembl\u00e9e du comit\u00e9 Nervo s&rsquo;est d\u00e9roul\u00e9e, ce samedi 11 f\u00e9vrier 2017, pour la premi\u00e8re fois dans \u00ab\u00a0notre\u00a0\u00bb local associatif en pr\u00e9sence de Mme Zawieja, conseill\u00e8re d\u00e9partementale, du maire&nbsp; Mr Bruno Saligot, de Mrs W\u00e9ry, Drelon, Benamara adjoints, Mr Sion conseiller &hellip; <a href=\"https:\/\/www.comitenervo.fr\/?p=4736\">Continuer la lecture <span class=\"meta-nav\">&rarr;<\/span><\/a><\/p>\n","protected":false},"author":2,"featured_media":0,"comment_status":"open","ping_status":"open","sticky":false,"template":"","format":"standard","meta":{"_monsterinsights_skip_tracking":false,"_monsterinsights_sitenote_active":false,"_monsterinsights_sitenote_note":"","_monsterinsights_sitenote_category":0,"ngg_post_thumbnail":0,"footnotes":""},"categories":[9],"tags":[],"class_list":["post-4736","post","type-post","status-publish","format-standard","hentry","category-evenement"],"_links":{"self":[{"href":"https:\/\/www.comitenervo.fr\/index.php?rest_route=\/wp\/v2\/posts\/4736","targetHints":{"allow":["GET"]}}],"collection":[{"href":"https:\/\/www.comitenervo.fr\/index.php?rest_route=\/wp\/v2\/posts"}],"about":[{"href":"https:\/\/www.comitenervo.fr\/index.php?rest_route=\/wp\/v2\/types\/post"}],"author":[{"embeddable":true,"href":"https:\/\/www.comitenervo.fr\/index.php?rest_route=\/wp\/v2\/users\/2"}],"replies":[{"embeddable":true,"href":"https:\/\/www.comitenervo.fr\/index.php?rest_route=%2Fwp%2Fv2%2Fcomments&post=4736"}],"version-history":[{"count":3,"href":"https:\/\/www.comitenervo.fr\/index.php?rest_route=\/wp\/v2\/posts\/4736\/revisions"}],"predecessor-version":[{"id":4744,"href":"https:\/\/www.comitenervo.fr\/index.php?rest_route=\/wp\/v2\/posts\/4736\/revisions\/4744"}],"wp:attachment":[{"href":"https:\/\/www.comitenervo.fr\/index.php?rest_route=%2Fwp%2Fv2%2Fmedia&parent=4736"}],"wp:term":[{"taxonomy":"category","embeddable":true,"href":"https:\/\/www.comitenervo.fr\/index.php?rest_route=%2Fwp%2Fv2%2Fcategories&post=4736"},{"taxonomy":"post_tag","embeddable":true,"href":"https:\/\/www.comitenervo.fr\/index.php?rest_route=%2Fwp%2Fv2%2Ftags&post=4736"}],"curies":[{"name":"wp","href":"https:\/\/api.w.org\/{rel}","templated":true}]}}