{"id":4607,"date":"2017-02-08T11:16:21","date_gmt":"2017-02-08T10:16:21","guid":{"rendered":"https:\/\/www.comitenervo.fr\/?p=4607"},"modified":"2018-10-28T12:22:46","modified_gmt":"2018-10-28T11:22:46","slug":"assemblee-generale-2","status":"publish","type":"post","link":"https:\/\/www.comitenervo.fr\/?p=4607","title":{"rendered":"ASSEMBL\u00c9E G\u00c9N\u00c9RALE."},"content":{"rendered":"<p>L&rsquo;assembl\u00e9e g\u00e9n\u00e9rale du comit\u00e9 des f\u00eates de la cit\u00e9 Nervo aura lieu ce samedi 11 f\u00e9vrier 2017 au local associatif situ\u00e9 au 21 all\u00e9e et cit\u00e9 Nervo.<\/p>\n<p>On vous attend nombreux.<\/p>\n<div id=\"attachment_4609\" style=\"width: 223px\" class=\"wp-caption aligncenter\"><a href=\"https:\/\/www.comitenervo.fr\/wp-content\/uploads\/2017\/02\/AG-SCAN-17.jpg\"><img loading=\"lazy\" decoding=\"async\" aria-describedby=\"caption-attachment-4609\" class=\"size-medium wp-image-4609\" src=\"https:\/\/www.comitenervo.fr\/wp-content\/uploads\/2017\/02\/AG-SCAN-17-213x300.jpg\" alt=\"AG\" width=\"213\" height=\"300\" srcset=\"https:\/\/www.comitenervo.fr\/wp-content\/uploads\/2017\/02\/AG-SCAN-17-213x300.jpg 213w, https:\/\/www.comitenervo.fr\/wp-content\/uploads\/2017\/02\/AG-SCAN-17-768x1084.jpg 768w, https:\/\/www.comitenervo.fr\/wp-content\/uploads\/2017\/02\/AG-SCAN-17-725x1024.jpg 725w, https:\/\/www.comitenervo.fr\/wp-content\/uploads\/2017\/02\/AG-SCAN-17-106x150.jpg 106w, https:\/\/www.comitenervo.fr\/wp-content\/uploads\/2017\/02\/AG-SCAN-17-400x565.jpg 400w, https:\/\/www.comitenervo.fr\/wp-content\/uploads\/2017\/02\/AG-SCAN-17.jpg 816w\" sizes=\"auto, (max-width: 213px) 100vw, 213px\" \/><\/a><p id=\"caption-attachment-4609\" class=\"wp-caption-text\">AG<\/p><\/div>\n","protected":false},"excerpt":{"rendered":"<p>L&rsquo;assembl\u00e9e g\u00e9n\u00e9rale du comit\u00e9 des f\u00eates de la cit\u00e9 Nervo aura lieu ce samedi 11 f\u00e9vrier 2017 au local associatif situ\u00e9 au 21 all\u00e9e et cit\u00e9 Nervo. On vous attend nombreux.<\/p>\n","protected":false},"author":2,"featured_media":0,"comment_status":"open","ping_status":"open","sticky":false,"template":"","format":"standard","meta":{"_monsterinsights_skip_tracking":false,"_monsterinsights_sitenote_active":false,"_monsterinsights_sitenote_note":"","_monsterinsights_sitenote_category":0,"ngg_post_thumbnail":0,"footnotes":""},"categories":[9],"tags":[],"class_list":["post-4607","post","type-post","status-publish","format-standard","hentry","category-evenement"],"_links":{"self":[{"href":"https:\/\/www.comitenervo.fr\/index.php?rest_route=\/wp\/v2\/posts\/4607","targetHints":{"allow":["GET"]}}],"collection":[{"href":"https:\/\/www.comitenervo.fr\/index.php?rest_route=\/wp\/v2\/posts"}],"about":[{"href":"https:\/\/www.comitenervo.fr\/index.php?rest_route=\/wp\/v2\/types\/post"}],"author":[{"embeddable":true,"href":"https:\/\/www.comitenervo.fr\/index.php?rest_route=\/wp\/v2\/users\/2"}],"replies":[{"embeddable":true,"href":"https:\/\/www.comitenervo.fr\/index.php?rest_route=%2Fwp%2Fv2%2Fcomments&post=4607"}],"version-history":[{"count":1,"href":"https:\/\/www.comitenervo.fr\/index.php?rest_route=\/wp\/v2\/posts\/4607\/revisions"}],"predecessor-version":[{"id":4610,"href":"https:\/\/www.comitenervo.fr\/index.php?rest_route=\/wp\/v2\/posts\/4607\/revisions\/4610"}],"wp:attachment":[{"href":"https:\/\/www.comitenervo.fr\/index.php?rest_route=%2Fwp%2Fv2%2Fmedia&parent=4607"}],"wp:term":[{"taxonomy":"category","embeddable":true,"href":"https:\/\/www.comitenervo.fr\/index.php?rest_route=%2Fwp%2Fv2%2Fcategories&post=4607"},{"taxonomy":"post_tag","embeddable":true,"href":"https:\/\/www.comitenervo.fr\/index.php?rest_route=%2Fwp%2Fv2%2Ftags&post=4607"}],"curies":[{"name":"wp","href":"https:\/\/api.w.org\/{rel}","templated":true}]}}